{"id":33949,"date":"2016-11-09T00:00:00","date_gmt":"2016-11-09T04:00:00","guid":{"rendered":"http:\/\/www.noticel.com\/ahora\/mundo\/politica\/20161109\/trump-promete-reconciliar-a-los-estadounidenses\/"},"modified":"2025-07-15T14:50:23","modified_gmt":"2025-07-15T14:50:23","slug":"trump-promete-reconciliar-a-los-estadounidenses","status":"publish","type":"post","link":"https:\/\/noticel.com\/en\/ultima-hora\/20161109\/trump-promete-reconciliar-a-los-estadounidenses\/","title":{"rendered":"Trump promete reconciliar a los estadounidenses"},"content":{"rendered":"<p>El republicano Donald Trump se proclam\u00f3 hoy vencedor de las elecciones presidenciales del martes y se comprometi\u00f3 a &#8216;reconciliar&#8217; a todos los estadounidenses, que han llegado profundamente polarizados a los \u00faltimos comicios.<\/p>\n<p>Trump compareci\u00f3 ante sus seguidores en un hotel de Nueva York tras confirmarse que los resultados le daban la victoria en las elecciones presidenciales, frente a la aspirante dem\u00f3crata, Hillary Clinton.<\/p>\n<p>El magnate neoyorquino comenz\u00f3 su discurso anunciando que acababa de hablar con Clinton, quien lo hab\u00eda felicitado por su victoria en las urnas.<\/p>\n<p>&#8216;Nos felicit\u00f3 por nuestra victoria, y yo la felicit\u00e9 a ella y su familia porque hab\u00eda luchado muy muy duro en esta campa\u00f1a&#8217;, afirm\u00f3 Trump ante numerosos seguidores que lo recibieron con gritos de &#8216;USA USA USA&#8217;.<\/p>\n<p>En el tono conciliador que se esperaba utilizara en caso de victoria electoral, Trump se comprometi\u00f3 a ser el &#8216;presidente para todos los estadounidenses&#8217;.<\/p>\n<p>&#8216;A todos los republicanos, dem\u00f3cratas e independientes en esta naci\u00f3n les digo que es momento de que nos reconciliemos como un pueblo unido&#8217;, afirm\u00f3 Trump, de 70 a\u00f1os, que lanz\u00f3 su campa\u00f1a presidencial hace a\u00f1o y medio.<\/p><div class=\"notic-content-middle\" id=\"notic-1261142696\"><div class=\"notic-adlabel\">Advertisements<\/div><a data-no-instant=\"1\" href=\"https:\/\/qrco.de\/bgxd5v\" rel=\"noopener\" class=\"a2t-link\" target=\"_blank\" aria-label=\"DisplayAd-970&#215;902\"><img loading=\"lazy\" decoding=\"async\" src=\"https:\/\/cdn.noticel.com\/2026\/09\/02200210\/DisplayAd-970x902-1.jpg\" alt=\"\"  srcset=\"https:\/\/cdn.noticel.com\/2026\/09\/02200210\/DisplayAd-970x902-1.jpg 970w, https:\/\/cdn.noticel.com\/2026\/09\/02200210\/DisplayAd-970x902-1-300x28.jpg 300w, https:\/\/cdn.noticel.com\/2026\/09\/02200210\/DisplayAd-970x902-1-768x71.jpg 768w, https:\/\/cdn.noticel.com\/2026\/09\/02200210\/DisplayAd-970x902-1-18x2.jpg 18w\" sizes=\"(max-width: 970px) 100vw, 970px\" width=\"970\" height=\"90\"   \/><\/a><\/div>\n<p>Tal y como ha venido prometiendo en la campa\u00f1a, se comprometi\u00f3 a &#8216;reconstruir el pa\u00eds&#8217; y sumar a todas las personas sin diferencias de &#8216;raza, religi\u00f3n u origen&#8217;.<\/p>\n<p>&#8216;Trabajaremos juntos en la tarea de renovar la naci\u00f3n y construir nuestro sue\u00f1o&#8217;, insisti\u00f3.<\/p>\n<p>Tambi\u00e9n dijo que se compromet\u00eda a llevarse bien &#8216;con todas las naciones del mundo que tenga voluntad de llevarse bien con nosotros&#8217;.<\/p>\n<p>Estados Unidos, agreg\u00f3, &#8216;ya no llegar\u00e1 a acuerdos que sean distintos a los mejores&#8217;, agreg\u00f3 el candidato republicano, que en su campa\u00f1a se ha comprometido, entre otras cosas, a revisar el Tratado de Libre Comercio en Norteam\u00e9rica.<\/p>\n<p>Trump estuvo arropado en la tribuna por una numerosa representaci\u00f3n de su familia, incluida su esposa, Melania, as\u00ed como dirigentes que le han acompa\u00f1ado en la campa\u00f1a electoral.<\/p>","protected":false},"excerpt":{"rendered":"<p>El republicano Donald Trump se proclam\u00f3 hoy vencedor de las elecciones presidenciales del martes y se comprometi\u00f3 a &#8216;reconciliar&#8217; a todos los estadounidenses, que han llegado profundamente polarizados a los \u00faltimos comicios. Trump compareci\u00f3 ante sus seguidores en un hotel de Nueva York tras confirmarse que los resultados le daban la victoria en las elecciones [&hellip;]<\/p>","protected":false},"author":0,"featured_media":347826,"comment_status":"closed","ping_status":"closed","sticky":false,"template":"","format":"standard","meta":{"_acf_changed":false,"_monsterinsights_skip_tracking":false,"ep_exclude_from_search":false,"footnotes":""},"categories":[17,7,2],"tags":[],"class_list":["post-33949","post","type-post","status-publish","format-standard","has-post-thumbnail","hentry","category-mundo","category-politica","category-ultima-hora"],"acf":[],"aioseo_notices":[],"_links":{"self":[{"href":"https:\/\/noticel.com\/en\/wp-json\/wp\/v2\/posts\/33949","targetHints":{"allow":["GET"]}}],"collection":[{"href":"https:\/\/noticel.com\/en\/wp-json\/wp\/v2\/posts"}],"about":[{"href":"https:\/\/noticel.com\/en\/wp-json\/wp\/v2\/types\/post"}],"replies":[{"embeddable":true,"href":"https:\/\/noticel.com\/en\/wp-json\/wp\/v2\/comments?post=33949"}],"version-history":[{"count":1,"href":"https:\/\/noticel.com\/en\/wp-json\/wp\/v2\/posts\/33949\/revisions"}],"predecessor-version":[{"id":347828,"href":"https:\/\/noticel.com\/en\/wp-json\/wp\/v2\/posts\/33949\/revisions\/347828"}],"wp:featuredmedia":[{"embeddable":true,"href":"https:\/\/noticel.com\/en\/wp-json\/wp\/v2\/media\/347826"}],"wp:attachment":[{"href":"https:\/\/noticel.com\/en\/wp-json\/wp\/v2\/media?parent=33949"}],"wp:term":[{"taxonomy":"category","embeddable":true,"href":"https:\/\/noticel.com\/en\/wp-json\/wp\/v2\/categories?post=33949"},{"taxonomy":"post_tag","embeddable":true,"href":"https:\/\/noticel.com\/en\/wp-json\/wp\/v2\/tags?post=33949"}],"curies":[{"name":"wp","href":"https:\/\/api.w.org\/{rel}","templated":true}]}}