{"id":33478,"date":"2018-06-22T00:00:00","date_gmt":"2018-06-22T04:00:00","guid":{"rendered":"http:\/\/www.noticel.com\/ahora\/economia\/gobierno\/20180622\/abren-convocatoria-para-proyecto-de-almacenamiento-de-energia\/"},"modified":"2025-07-15T15:34:43","modified_gmt":"2025-07-15T15:34:43","slug":"abren-convocatoria-para-proyecto-de-almacenamiento-de-energia","status":"publish","type":"post","link":"https:\/\/noticel.com\/en\/ultima-hora\/20180622\/abren-convocatoria-para-proyecto-de-almacenamiento-de-energia\/","title":{"rendered":"Abren convocatoria para proyecto de almacenamiento de energ\u00eda"},"content":{"rendered":"<p><i>Mediante Alianza P\u00fablico Privada<\/i><\/p>\n<p>La Autoridad de Alianzas P\u00fablico Privadas de Puerto Rico (AAPP) abri\u00f3 una convocatoria para solicitudes de cualificaci\u00f3n (RFQ por sus siglas en ingles) para un proyecto de servicio p\u00fablico de almacenamiento de energ\u00eda a gran escala en varias ubicaciones de subestaciones cr\u00edticas de la Autoridad de Energ\u00eda Electrica (AEE).<\/p>\n<p>La introducci\u00f3n de sistemas de almacenamiento proporcionar\u00e1 estabilidad a la red y m\u00e1s capacidad en las horas de mayor demanda, lo que mejorar\u00e1 la eficiencia y confiabilidad actual del servicio electrico y de energ\u00eda en Puerto Rico.<\/p>\n<p>El director de la AAPP, Omar Marrero, explic\u00f3 que, &#8216;este proyecto fue evaluado por medio de un estudio de deseabilidad y conveniencia que se hizo p\u00fablico el 12 de mayo de 2018. Aunque origin\u00f3 de una propuesta no solicitada, sigue sujeto al mismo proceso de evaluaci\u00f3n que otros proyectos y a un procedimiento competitivo abierto. Nos sentimos confiados en que al final del proceso tendremos el mejor socio para este proyecto&#8217;.<\/p><div class=\"notic-content-middle\" id=\"notic-1581327726\"><div class=\"notic-adlabel\">Advertisements<\/div><a data-no-instant=\"1\" href=\"https:\/\/www.cst.pr.gov\/\" rel=\"noopener\" class=\"a2t-link\" target=\"_blank\" aria-label=\"300&#215;600\"><img loading=\"lazy\" decoding=\"async\" src=\"https:\/\/cdn.noticel.com\/2026\/09\/02203205\/300x600-1.jpg\" alt=\"\"  srcset=\"https:\/\/cdn.noticel.com\/2026\/09\/02203205\/300x600-1.jpg 300w, https:\/\/cdn.noticel.com\/2026\/09\/02203205\/300x600-1-150x300.jpg 150w, https:\/\/cdn.noticel.com\/2026\/09\/02203205\/300x600-1-6x12.jpg 6w\" sizes=\"(max-width: 300px) 100vw, 300px\" width=\"300\" height=\"600\"   \/><\/a><\/div>\n<p>Por su parte, el gobernador Ricardo Rossell\u00f3 Nevares, expres\u00f3: &#8216;Estamos en camino a transformar el servicio de energ\u00eda en Puerto Rico y este proyecto va de la mano con nuestra visi\u00f3n de hacer un sistema de energ\u00eda m\u00e1s resiliente. Este sistema de almacenamiento ser\u00e1 capaz de proporcionar energ\u00eda a nuestros ciudadanos durante una emergencia o un apag\u00f3n y as\u00ed minimizar el impacto de estos eventos&#8217;.<\/p>\n<p>El RFQ es un proceso de cualificaci\u00f3n abierto mediante el cual el Gobierno busca identificar compa\u00f1\u00edas cualificadas que esten interesadas en participar de una contrataci\u00f3n competitiva. El proyecto ser\u00e1 adquirido de conformidad con la Ley para las Alianzas P\u00fablico Privadas.<\/p>\n<p>Bajo este marco, se concesionaron a largo plazo las autopistas PR-22 y PR-5, de las cuales Goldman Sachs Infrastructure Partners es inversionista; as\u00ed como la concesi\u00f3n a largo plazo del Aeropuerto Internacional Luis Mu\u00f1oz Mar\u00edn, la \u00fanica asociaci\u00f3n p\u00fablico privada aeroportuaria en los Estados Unidos aprobada por la Administraci\u00f3n Federal de Aviaci\u00f3n de los Estados Unidos (FAA).<\/p>\n<p>Las partes interesadas deben descargar la solicitud de cualificaciones en <a href=\"http:\/\/www.p3.pr.gov\" target=\"_blank\">www.p3.pr.gov<\/a>. La fecha de vencimiento para las respuestas al RFQ es el 17 de agosto de 2018.<\/p>","protected":false},"excerpt":{"rendered":"<p>Mediante Alianza P\u00fablico Privada La Autoridad de Alianzas P\u00fablico Privadas de Puerto Rico (AAPP) abri\u00f3 una convocatoria para solicitudes de cualificaci\u00f3n (RFQ por sus siglas en ingles) para un proyecto de servicio p\u00fablico de almacenamiento de energ\u00eda a gran escala en varias ubicaciones de subestaciones cr\u00edticas de la Autoridad de Energ\u00eda Electrica (AEE). La introducci\u00f3n [&hellip;]<\/p>","protected":false},"author":0,"featured_media":351193,"comment_status":"closed","ping_status":"closed","sticky":false,"template":"","format":"standard","meta":{"_acf_changed":false,"_monsterinsights_skip_tracking":false,"ep_exclude_from_search":false,"footnotes":""},"categories":[22,4,2],"tags":[],"class_list":["post-33478","post","type-post","status-publish","format-standard","has-post-thumbnail","hentry","category-economia","category-gobierno","category-ultima-hora"],"acf":[],"aioseo_notices":[],"_links":{"self":[{"href":"https:\/\/noticel.com\/en\/wp-json\/wp\/v2\/posts\/33478","targetHints":{"allow":["GET"]}}],"collection":[{"href":"https:\/\/noticel.com\/en\/wp-json\/wp\/v2\/posts"}],"about":[{"href":"https:\/\/noticel.com\/en\/wp-json\/wp\/v2\/types\/post"}],"replies":[{"embeddable":true,"href":"https:\/\/noticel.com\/en\/wp-json\/wp\/v2\/comments?post=33478"}],"version-history":[{"count":1,"href":"https:\/\/noticel.com\/en\/wp-json\/wp\/v2\/posts\/33478\/revisions"}],"predecessor-version":[{"id":351196,"href":"https:\/\/noticel.com\/en\/wp-json\/wp\/v2\/posts\/33478\/revisions\/351196"}],"wp:featuredmedia":[{"embeddable":true,"href":"https:\/\/noticel.com\/en\/wp-json\/wp\/v2\/media\/351193"}],"wp:attachment":[{"href":"https:\/\/noticel.com\/en\/wp-json\/wp\/v2\/media?parent=33478"}],"wp:term":[{"taxonomy":"category","embeddable":true,"href":"https:\/\/noticel.com\/en\/wp-json\/wp\/v2\/categories?post=33478"},{"taxonomy":"post_tag","embeddable":true,"href":"https:\/\/noticel.com\/en\/wp-json\/wp\/v2\/tags?post=33478"}],"curies":[{"name":"wp","href":"https:\/\/api.w.org\/{rel}","templated":true}]}}