{"id":33327,"date":"2011-04-11T00:00:00","date_gmt":"2011-04-11T04:00:00","guid":{"rendered":"http:\/\/www.noticel.com\/economia\/20110411\/islandeses-se-lavan-las-manos\/"},"modified":"2025-07-15T15:45:12","modified_gmt":"2025-07-15T15:45:12","slug":"islandeses-se-lavan-las-manos","status":"publish","type":"post","link":"https:\/\/noticel.com\/en\/economia\/20110411\/islandeses-se-lavan-las-manos\/","title":{"rendered":"Islandeses se lavan las manos"},"content":{"rendered":"<p>Los islandeses rechazaron este fin de semana por segunda vez en un refer\u00e9ndum el acuerdo al que hab\u00eda llegado su Gobierno con los de Reino Unido y Holanda para resolver el contencioso que le enfrenta con ellos por la deuda generada en 2008 por la quiebra del banco Icesave.<\/p>\n<p>Casi el 60% de los votantes se pronunciaron contra ese acuerdo, por el que Islandia ha de devolver a esos dos pa\u00edses los 4.000 millones de euros que les cost\u00f3 garantizar a sus ciudadanos los dep\u00f3sitos que ten\u00edan en ese banco island\u00e9s, filial en Reino Unido y Holanda del nacionalizado Landbanski, publica El Pa\u00eds.<\/p>\n<p>El conflicto se debe a que Islandia decidi\u00f3 avalar todos los dep\u00f3sitos bancarios que hab\u00eda en la isla cuando se desplom\u00f3 su sistema financiero en la crisis de oto\u00f1o de 2008.<\/p>\n<p>Pero Reikiavik se desentendi\u00f3 de las cantidades depositadas en los bancos islandeses que actuaban en el exterior, como Icesave, que en apenas unos meses capt\u00f3 miles de ahorradores en Holanda y Reino Unido ofreciendo tipos de inter\u00e9s de entre el 5% y el 6%.<\/p>\n<p>Cuando la banca islandesa se desplom\u00f3, Londres y La Haya garantizaron los dep\u00f3sitos de bancos islandeses en su territorio, pero luego exigieron que el Gobierno island\u00e9s les pagara ese dinero.<\/p>\n<p>La obligaci\u00f3n legal de Islandia en este caso es discutible. Reikiavik no la admite, pero brit\u00e1nicos y holandeses sostienen que Islandia incumple la normativa del Espacio Econ\u00f3mico Europeo en dos aspectos: porque esta le obliga a garantizar al menos los 20.000 primeros euros de cada depositante y porque est\u00e1 discriminando a los acreedores no islandeses.<\/p><div class=\"notic-content-middle\" id=\"notic-3377742525\"><div class=\"notic-adlabel\">Advertisements<\/div><a data-no-instant=\"1\" href=\"https:\/\/www.asegurate-bien.com\/\" rel=\"noopener\" class=\"a2t-link\" target=\"_blank\" aria-label=\"Acodese-Adaptaciones-Noticel-300&#215;250\"><img loading=\"lazy\" decoding=\"async\" src=\"https:\/\/cdn.noticel.com\/2026\/05\/30094423\/Acodese-Adaptaciones-Noticel-300x250-1.jpg\" alt=\"\"  srcset=\"https:\/\/cdn.noticel.com\/2026\/05\/30094423\/Acodese-Adaptaciones-Noticel-300x250-1.jpg 300w, https:\/\/cdn.noticel.com\/2026\/05\/30094423\/Acodese-Adaptaciones-Noticel-300x250-1-14x12.jpg 14w\" sizes=\"(max-width: 300px) 100vw, 300px\" width=\"300\" height=\"250\"   \/><\/a><\/div>\n<p>Pero, sea cual sea el trasfondo legal, el Gobierno island\u00e9s cree que es pol\u00edticamente necesario llegar a un acuerdo sobre el asunto para garantizar que el pa\u00eds pueda volver a financiarse en los mercados internacionales. El a\u00f1o pasado se lleg\u00f3 a un acuerdo por el que Islandia pagar\u00eda a Holanda y Reino Unido 4.000 millones de euros entre 2016 y 2024 a un inter\u00e9s del 5,5%.<\/p>\n<p>Tras ser rechazado en un refer\u00e9ndum, el acuerdo fue renegociado y hace unos d\u00edas se recort\u00f3 el inter\u00e9s a pagar por Islandia al 3,3% y se ampli\u00f3 el plazo de devoluci\u00f3n hasta 2046.<\/p>\n<p>Pero los islandeses han vuelto a decir que no, a pesar de que el Gobierno island\u00e9s recobrar\u00e1 la mayor parte de ese dinero por la venta de activos bancarios nacionalizados y solo una peque\u00f1a parte de la deuda acabar\u00e1 siendo asumida directamente por los contribuyentes.<\/p>\n<p>El voto negativo no solo ha contrariado a los pol\u00edticos de los tres pa\u00edses. Tambi\u00e9n amenaza con ser muy mal recibido por analistas e inversores.<\/p>\n<p>Frente al rechazo de los Gobiernos, el presidente de Islandia, Ol\u00e1fur Ragnar Gr\u00edmsson, considera que los dos referendos que \u00e9l ha convocado &#8216;han devuelto al pa\u00eds la confianza perdida tras el hundimiento de la econom\u00eda islandesa&#8217; en 2008. Los resultados, en su opini\u00f3n, &#8216;refuerzan aun m\u00e1s la democracia&#8217;.<\/p>","protected":false},"excerpt":{"rendered":"<p>Los islandeses rechazaron este fin de semana por segunda vez en un refer\u00e9ndum el acuerdo al que hab\u00eda llegado su Gobierno con los de Reino Unido y Holanda para resolver el contencioso que le enfrenta con ellos por la deuda generada en 2008 por la quiebra del banco Icesave. Casi el 60% de los votantes [&hellip;]<\/p>","protected":false},"author":0,"featured_media":352012,"comment_status":"closed","ping_status":"closed","sticky":false,"template":"","format":"standard","meta":{"_acf_changed":false,"_monsterinsights_skip_tracking":false,"ep_exclude_from_search":false,"footnotes":""},"categories":[22],"tags":[],"class_list":["post-33327","post","type-post","status-publish","format-standard","has-post-thumbnail","hentry","category-economia"],"acf":[],"aioseo_notices":[],"_links":{"self":[{"href":"https:\/\/noticel.com\/en\/wp-json\/wp\/v2\/posts\/33327","targetHints":{"allow":["GET"]}}],"collection":[{"href":"https:\/\/noticel.com\/en\/wp-json\/wp\/v2\/posts"}],"about":[{"href":"https:\/\/noticel.com\/en\/wp-json\/wp\/v2\/types\/post"}],"replies":[{"embeddable":true,"href":"https:\/\/noticel.com\/en\/wp-json\/wp\/v2\/comments?post=33327"}],"version-history":[{"count":1,"href":"https:\/\/noticel.com\/en\/wp-json\/wp\/v2\/posts\/33327\/revisions"}],"predecessor-version":[{"id":352014,"href":"https:\/\/noticel.com\/en\/wp-json\/wp\/v2\/posts\/33327\/revisions\/352014"}],"wp:featuredmedia":[{"embeddable":true,"href":"https:\/\/noticel.com\/en\/wp-json\/wp\/v2\/media\/352012"}],"wp:attachment":[{"href":"https:\/\/noticel.com\/en\/wp-json\/wp\/v2\/media?parent=33327"}],"wp:term":[{"taxonomy":"category","embeddable":true,"href":"https:\/\/noticel.com\/en\/wp-json\/wp\/v2\/categories?post=33327"},{"taxonomy":"post_tag","embeddable":true,"href":"https:\/\/noticel.com\/en\/wp-json\/wp\/v2\/tags?post=33327"}],"curies":[{"name":"wp","href":"https:\/\/api.w.org\/{rel}","templated":true}]}}