{"id":33057,"date":"2015-05-23T00:00:00","date_gmt":"2015-05-23T04:00:00","guid":{"rendered":"http:\/\/www.noticel.com\/la-calle\/20150523\/agredido-por-un-numero-de-pega-3\/"},"modified":"2025-07-15T16:03:27","modified_gmt":"2025-07-15T16:03:27","slug":"agredido-por-un-numero-de-pega-3","status":"publish","type":"post","link":"https:\/\/noticel.com\/en\/noticias\/la-calle\/20150523\/agredido-por-un-numero-de-pega-3\/","title":{"rendered":"Agredido por un n\u00famero de Pega 3"},"content":{"rendered":"<p>Hatillo &#8211; La Polic\u00eda inform\u00f3 que a eso de las 2:52 de la tarde del s\u00e1bado, a traves del sistema emergencia 9-1-1 se inform\u00f3 sobre una persona herida de arma blanca en el Sector Fuego, del Barrio Corcovada de Hatillo.<\/p>\n<p>Seg\u00fan informaci\u00f3n policial, el se\u00f1or Jos\u00e9 D\u00edaz Mart\u00ednez, de 44 a\u00f1os, supuestamente sostuvo una discusi\u00f3n con el se\u00f1or Ardulfo Col\u00f3n Plumey, de 76 a\u00f1os, por un n\u00famero de Pega 3.<\/p><div class=\"notic-content-middle\" id=\"notic-121789236\"><div class=\"notic-adlabel\">Advertisements<\/div><a data-no-instant=\"1\" href=\"https:\/\/qrco.de\/bgxd5v\" rel=\"noopener\" class=\"a2t-link\" target=\"_blank\" aria-label=\"300X600-SEBUSCA\"><img loading=\"lazy\" decoding=\"async\" src=\"https:\/\/cdn.noticel.com\/2026\/09\/02194007\/300X600-SEBUSCA.jpg\" alt=\"\"  srcset=\"https:\/\/cdn.noticel.com\/2026\/09\/02194007\/300X600-SEBUSCA.jpg 300w, https:\/\/cdn.noticel.com\/2026\/09\/02194007\/300X600-SEBUSCA-150x300.jpg 150w, https:\/\/cdn.noticel.com\/2026\/09\/02194007\/300X600-SEBUSCA-6x12.jpg 6w\" sizes=\"(max-width: 300px) 100vw, 300px\" width=\"300\" height=\"600\"   \/><\/a><\/div>\n<p>La uniformada aleg\u00f3 que D\u00edaz Mart\u00ednez se arm\u00f3 de un cuchillo y le infligi\u00f3 varias heridas en el cuello y mano al se\u00f1or Colon Plumey que fue llevado hospital Cayetano Coll Y Toste en Arecibo en condici\u00f3n estable.<\/p>\n<p>El agente H\u00e9ctor M\u00e9ndez Hern\u00e1ndez del Distrito de Hatillo, arrest\u00f3 a D\u00edaz Mart\u00ednez mientras la Divisi\u00f3n de Homicidios contin\u00faa con la investigaci\u00f3n.<\/p>","protected":false},"excerpt":{"rendered":"<p>Hatillo &#8211; La Polic\u00eda inform\u00f3 que a eso de las 2:52 de la tarde del s\u00e1bado, a traves del sistema emergencia 9-1-1 se inform\u00f3 sobre una persona herida de arma blanca en el Sector Fuego, del Barrio Corcovada de Hatillo. Seg\u00fan informaci\u00f3n policial, el se\u00f1or Jos\u00e9 D\u00edaz Mart\u00ednez, de 44 a\u00f1os, supuestamente sostuvo una discusi\u00f3n [&hellip;]<\/p>","protected":false},"author":0,"featured_media":353604,"comment_status":"closed","ping_status":"closed","sticky":false,"template":"","format":"standard","meta":{"_acf_changed":false,"_monsterinsights_skip_tracking":false,"ep_exclude_from_search":false,"footnotes":""},"categories":[12],"tags":[],"class_list":["post-33057","post","type-post","status-publish","format-standard","has-post-thumbnail","hentry","category-la-calle"],"acf":[],"aioseo_notices":[],"_links":{"self":[{"href":"https:\/\/noticel.com\/en\/wp-json\/wp\/v2\/posts\/33057","targetHints":{"allow":["GET"]}}],"collection":[{"href":"https:\/\/noticel.com\/en\/wp-json\/wp\/v2\/posts"}],"about":[{"href":"https:\/\/noticel.com\/en\/wp-json\/wp\/v2\/types\/post"}],"replies":[{"embeddable":true,"href":"https:\/\/noticel.com\/en\/wp-json\/wp\/v2\/comments?post=33057"}],"version-history":[{"count":1,"href":"https:\/\/noticel.com\/en\/wp-json\/wp\/v2\/posts\/33057\/revisions"}],"predecessor-version":[{"id":353605,"href":"https:\/\/noticel.com\/en\/wp-json\/wp\/v2\/posts\/33057\/revisions\/353605"}],"wp:featuredmedia":[{"embeddable":true,"href":"https:\/\/noticel.com\/en\/wp-json\/wp\/v2\/media\/353604"}],"wp:attachment":[{"href":"https:\/\/noticel.com\/en\/wp-json\/wp\/v2\/media?parent=33057"}],"wp:term":[{"taxonomy":"category","embeddable":true,"href":"https:\/\/noticel.com\/en\/wp-json\/wp\/v2\/categories?post=33057"},{"taxonomy":"post_tag","embeddable":true,"href":"https:\/\/noticel.com\/en\/wp-json\/wp\/v2\/tags?post=33057"}],"curies":[{"name":"wp","href":"https:\/\/api.w.org\/{rel}","templated":true}]}}