{"id":32936,"date":"2018-04-30T00:00:00","date_gmt":"2018-04-30T04:00:00","guid":{"rendered":"http:\/\/www.noticel.com\/ahora\/educacion\/vida\/video\/20180430\/victoria-de-negros-criollos-no-se-ensena-en-los-salones-de-clases\/"},"modified":"2025-07-15T16:11:20","modified_gmt":"2025-07-15T16:11:20","slug":"victoria-de-negros-criollos-no-se-ensena-en-los-salones-de-clases","status":"publish","type":"post","link":"https:\/\/noticel.com\/en\/ultima-hora\/20180430\/victoria-de-negros-criollos-no-se-ensena-en-los-salones-de-clases\/","title":{"rendered":"Victoria de negros criollos no se ense\u00f1a en los salones de clases"},"content":{"rendered":"<p><i>Denuncian no se educa sobre la cultura negra.<\/i><\/p><div class=\"notic-content-middle\" id=\"notic-2293427031\"><div class=\"notic-adlabel\">Advertisements<\/div><a data-no-instant=\"1\" href=\"https:\/\/qrco.de\/bgxd5v\" rel=\"noopener\" class=\"a2t-link\" target=\"_blank\" aria-label=\"300X600-SEBUSCA2\"><img loading=\"lazy\" decoding=\"async\" src=\"https:\/\/cdn.noticel.com\/2026\/08\/11172836\/300X600-SEBUSCA2.jpg\" alt=\"\"  srcset=\"https:\/\/cdn.noticel.com\/2026\/08\/11172836\/300X600-SEBUSCA2.jpg 300w, https:\/\/cdn.noticel.com\/2026\/08\/11172836\/300X600-SEBUSCA2-150x300.jpg 150w, https:\/\/cdn.noticel.com\/2026\/08\/11172836\/300X600-SEBUSCA2-6x12.jpg 6w\" sizes=\"(max-width: 300px) 100vw, 300px\" width=\"300\" height=\"600\"   \/><\/a><\/div>\n<p>Ante el \u00ednfimo e insistente esfuerzo por m\u00faltiples administraciones que han encabezado el Departamento de Educaci\u00f3n (DE) de preservar y ense\u00f1ar la historia completa del pueblo de Puerto Rico, la Corporaci\u00f3n Pi\u00f1ones se Integra (COPI) celebr\u00f3 el domingo una procesi\u00f3n en recordaci\u00f3n a los sucesos de la invasi\u00f3n inglesa de abril&#8230;<\/p>\n<p><iframe loading=\"lazy\" title=\"Victoria de negros criollos no se ense\u00f1a en los salones de clases\" width=\"500\" height=\"281\" src=\"https:\/\/www.youtube.com\/embed\/d8PCr608d5Y?feature=oembed\" frameborder=\"0\" allow=\"accelerometer; autoplay; clipboard-write; encrypted-media; gyroscope; picture-in-picture; web-share\" referrerpolicy=\"strict-origin-when-cross-origin\" allowfullscreen><\/iframe><\/p>","protected":false},"excerpt":{"rendered":"<p>Denuncian no se educa sobre la cultura negra. Ante el \u00ednfimo e insistente esfuerzo por m\u00faltiples administraciones que han encabezado el Departamento de Educaci\u00f3n (DE) de preservar y ense\u00f1ar la historia completa del pueblo de Puerto Rico, la Corporaci\u00f3n Pi\u00f1ones se Integra (COPI) celebr\u00f3 el domingo una procesi\u00f3n en recordaci\u00f3n a los sucesos de la [&hellip;]<\/p>","protected":false},"author":0,"featured_media":354313,"comment_status":"closed","ping_status":"closed","sticky":false,"template":"","format":"standard","meta":{"_acf_changed":false,"_monsterinsights_skip_tracking":false,"ep_exclude_from_search":false,"footnotes":""},"categories":[2,69,61],"tags":[],"class_list":["post-32936","post","type-post","status-publish","format-standard","has-post-thumbnail","hentry","category-ultima-hora","category-vida-y-bienestar","category-video"],"acf":[],"aioseo_notices":[],"_links":{"self":[{"href":"https:\/\/noticel.com\/en\/wp-json\/wp\/v2\/posts\/32936","targetHints":{"allow":["GET"]}}],"collection":[{"href":"https:\/\/noticel.com\/en\/wp-json\/wp\/v2\/posts"}],"about":[{"href":"https:\/\/noticel.com\/en\/wp-json\/wp\/v2\/types\/post"}],"replies":[{"embeddable":true,"href":"https:\/\/noticel.com\/en\/wp-json\/wp\/v2\/comments?post=32936"}],"version-history":[{"count":1,"href":"https:\/\/noticel.com\/en\/wp-json\/wp\/v2\/posts\/32936\/revisions"}],"predecessor-version":[{"id":354318,"href":"https:\/\/noticel.com\/en\/wp-json\/wp\/v2\/posts\/32936\/revisions\/354318"}],"wp:featuredmedia":[{"embeddable":true,"href":"https:\/\/noticel.com\/en\/wp-json\/wp\/v2\/media\/354313"}],"wp:attachment":[{"href":"https:\/\/noticel.com\/en\/wp-json\/wp\/v2\/media?parent=32936"}],"wp:term":[{"taxonomy":"category","embeddable":true,"href":"https:\/\/noticel.com\/en\/wp-json\/wp\/v2\/categories?post=32936"},{"taxonomy":"post_tag","embeddable":true,"href":"https:\/\/noticel.com\/en\/wp-json\/wp\/v2\/tags?post=32936"}],"curies":[{"name":"wp","href":"https:\/\/api.w.org\/{rel}","templated":true}]}}