{"id":32865,"date":"2015-08-04T00:00:00","date_gmt":"2015-08-04T04:00:00","guid":{"rendered":"http:\/\/www.noticel.com\/la-calle\/20150804\/matan-a-una-joven-de-18-anos-en-residencial-de-humacao\/"},"modified":"2025-07-15T16:15:16","modified_gmt":"2025-07-15T16:15:16","slug":"matan-a-una-joven-de-18-anos-en-residencial-de-humacao","status":"publish","type":"post","link":"https:\/\/noticel.com\/en\/noticias\/la-calle\/20150804\/matan-a-una-joven-de-18-anos-en-residencial-de-humacao\/","title":{"rendered":"Matan a una joven de 18 a\u00f1os en residencial de Humacao"},"content":{"rendered":"<p>Las autoridades informaron que a eso de las 12:23 de la madrugada del martes se report\u00f3 un asesinato en un apartamento del edificio 17 del residencial Dr. Pedro Palou en Humacao.<\/p>\n<p>Seg\u00fan el parte policiaco, un desconocido realiz\u00f3 varios disparos desde de la carretera PR-924 hacia el interior del residencial, que alcanzaron a Ang\u00e9lica M. Cintr\u00f3n de 18 a\u00f1os.<\/p>\n<p>La Polic\u00eda precis\u00f3 que la joven result\u00f3 con una herida de bala en el costado izquierdo, por lo que fue transportada al hospital HIMA San Pablo en Humacao, donde el m\u00e9dico de turno certific\u00f3 la muerte.<\/p><div class=\"notic-content-middle\" id=\"notic-3104177550\"><div class=\"notic-adlabel\">Advertisements<\/div><a data-no-instant=\"1\" href=\"https:\/\/qrco.de\/bgxd5v\" rel=\"noopener\" class=\"a2t-link\" target=\"_blank\" aria-label=\"DisplayAd-728&#215;90\"><img loading=\"lazy\" decoding=\"async\" src=\"https:\/\/cdn.noticel.com\/2026\/09\/02195051\/DisplayAd-728x90-1.jpg\" alt=\"\"  srcset=\"https:\/\/cdn.noticel.com\/2026\/09\/02195051\/DisplayAd-728x90-1.jpg 728w, https:\/\/cdn.noticel.com\/2026\/09\/02195051\/DisplayAd-728x90-1-300x37.jpg 300w, https:\/\/cdn.noticel.com\/2026\/09\/02195051\/DisplayAd-728x90-1-18x2.jpg 18w\" sizes=\"(max-width: 728px) 100vw, 728px\" width=\"728\" height=\"90\"   \/><\/a><\/div>\n<p>El agente De Jes\u00fas de Homicidios del Cuerpo de Investigaciones Criminales (CIC) de Humacao se hizo cargo de la investigaci\u00f3n junto a la fiscal Melissa D\u00edaz.<\/p>\n<p>Se exhorta a la ciudadan\u00eda comunicarse con la Polic\u00eda de manera confidencial si conoce de la comisi\u00f3n de un delito a trav\u00e9s del 787-343-2020. Tambi\u00e9n puede mantenerse en contacto a trav\u00e9s de Twitter en @PRPDNoticias y en Facebook www.facebook.com\/prpdgov.<\/p>","protected":false},"excerpt":{"rendered":"<p>Las autoridades informaron que a eso de las 12:23 de la madrugada del martes se report\u00f3 un asesinato en un apartamento del edificio 17 del residencial Dr. Pedro Palou en Humacao. Seg\u00fan el parte policiaco, un desconocido realiz\u00f3 varios disparos desde de la carretera PR-924 hacia el interior del residencial, que alcanzaron a Ang\u00e9lica M. [&hellip;]<\/p>","protected":false},"author":0,"featured_media":0,"comment_status":"closed","ping_status":"closed","sticky":false,"template":"","format":"standard","meta":{"_acf_changed":false,"_monsterinsights_skip_tracking":false,"ep_exclude_from_search":false,"footnotes":""},"categories":[12],"tags":[],"class_list":["post-32865","post","type-post","status-publish","format-standard","hentry","category-la-calle"],"acf":[],"aioseo_notices":[],"_links":{"self":[{"href":"https:\/\/noticel.com\/en\/wp-json\/wp\/v2\/posts\/32865","targetHints":{"allow":["GET"]}}],"collection":[{"href":"https:\/\/noticel.com\/en\/wp-json\/wp\/v2\/posts"}],"about":[{"href":"https:\/\/noticel.com\/en\/wp-json\/wp\/v2\/types\/post"}],"replies":[{"embeddable":true,"href":"https:\/\/noticel.com\/en\/wp-json\/wp\/v2\/comments?post=32865"}],"version-history":[{"count":1,"href":"https:\/\/noticel.com\/en\/wp-json\/wp\/v2\/posts\/32865\/revisions"}],"predecessor-version":[{"id":354674,"href":"https:\/\/noticel.com\/en\/wp-json\/wp\/v2\/posts\/32865\/revisions\/354674"}],"wp:attachment":[{"href":"https:\/\/noticel.com\/en\/wp-json\/wp\/v2\/media?parent=32865"}],"wp:term":[{"taxonomy":"category","embeddable":true,"href":"https:\/\/noticel.com\/en\/wp-json\/wp\/v2\/categories?post=32865"},{"taxonomy":"post_tag","embeddable":true,"href":"https:\/\/noticel.com\/en\/wp-json\/wp\/v2\/tags?post=32865"}],"curies":[{"name":"wp","href":"https:\/\/api.w.org\/{rel}","templated":true}]}}