{"id":32257,"date":"2016-01-29T00:00:00","date_gmt":"2016-01-29T04:00:00","guid":{"rendered":"http:\/\/www.noticel.com\/la-calle\/20160129\/aguaceros-limitados-por-la-tarde\/"},"modified":"2025-07-15T17:02:11","modified_gmt":"2025-07-15T17:02:11","slug":"aguaceros-limitados-por-la-tarde","status":"publish","type":"post","link":"https:\/\/noticel.com\/en\/noticias\/la-calle\/20160129\/aguaceros-limitados-por-la-tarde\/","title":{"rendered":"Aguaceros limitados por la tarde"},"content":{"rendered":"<p>El cielo prevaleci\u00f3 mayormente despejado a traves de Puerto Rico hoy con solo unas pocas nubes pasajeras. El radar doppler detect\u00f3 poca o ninguna actividad de aguaceros a traves de las islas y unos pocos aguaceros a traves de las aguas aleda\u00f1as.<\/p>\n<p>Las temperaturas fluctuaron generalmente en los medianos 70s en las \u00e1reas costeras y en los medios 60s en las \u00e1reas altas y los valles.<\/p>\n<p>Condiciones generalmente tranquilas prevalecer\u00e1n durante los pr\u00f3ximos d\u00edas a medida que una zona de alta presi\u00f3n en los niveles medios a altos contin\u00fae dominando el patr\u00f3n local. Sin embargo, aguaceros breves pasajeros permanecer\u00e1n posibles en ocasiones con convecci\u00f3n limitada en las tardes.<\/p>\n<p>A trav\u00e9s de las aguas costeras, los operadores de embarcaciones peque\u00f1as deben ejercer precauci\u00f3n a trav\u00e9s de las aguas mar afuera del atl\u00e1ntico y el pasaje de la Mona debido a oleaje de hasta 6 pies. En el resto del \u00e1rea, se espera oleaje de hasta 5 pies y viento de hasta 15 nudos. Adem\u00e1s, existe un riesgo moderado de corrientes submarinas a trav\u00e9s de la mayor\u00eda de las playas locales.<\/p>","protected":false},"excerpt":{"rendered":"<p>El cielo prevaleci\u00f3 mayormente despejado a traves de Puerto Rico hoy con solo unas pocas nubes pasajeras. El radar doppler detect\u00f3 poca o ninguna actividad de aguaceros a traves de las islas y unos pocos aguaceros a traves de las aguas aleda\u00f1as. Las temperaturas fluctuaron generalmente en los medianos 70s en las \u00e1reas costeras y [&hellip;]<\/p>","protected":false},"author":0,"featured_media":358455,"comment_status":"closed","ping_status":"closed","sticky":false,"template":"","format":"standard","meta":{"_acf_changed":false,"_monsterinsights_skip_tracking":false,"ep_exclude_from_search":false,"footnotes":""},"categories":[12],"tags":[],"class_list":["post-32257","post","type-post","status-publish","format-standard","has-post-thumbnail","hentry","category-la-calle"],"acf":[],"aioseo_notices":[],"_links":{"self":[{"href":"https:\/\/noticel.com\/en\/wp-json\/wp\/v2\/posts\/32257","targetHints":{"allow":["GET"]}}],"collection":[{"href":"https:\/\/noticel.com\/en\/wp-json\/wp\/v2\/posts"}],"about":[{"href":"https:\/\/noticel.com\/en\/wp-json\/wp\/v2\/types\/post"}],"replies":[{"embeddable":true,"href":"https:\/\/noticel.com\/en\/wp-json\/wp\/v2\/comments?post=32257"}],"version-history":[{"count":1,"href":"https:\/\/noticel.com\/en\/wp-json\/wp\/v2\/posts\/32257\/revisions"}],"predecessor-version":[{"id":358456,"href":"https:\/\/noticel.com\/en\/wp-json\/wp\/v2\/posts\/32257\/revisions\/358456"}],"wp:featuredmedia":[{"embeddable":true,"href":"https:\/\/noticel.com\/en\/wp-json\/wp\/v2\/media\/358455"}],"wp:attachment":[{"href":"https:\/\/noticel.com\/en\/wp-json\/wp\/v2\/media?parent=32257"}],"wp:term":[{"taxonomy":"category","embeddable":true,"href":"https:\/\/noticel.com\/en\/wp-json\/wp\/v2\/categories?post=32257"},{"taxonomy":"post_tag","embeddable":true,"href":"https:\/\/noticel.com\/en\/wp-json\/wp\/v2\/tags?post=32257"}],"curies":[{"name":"wp","href":"https:\/\/api.w.org\/{rel}","templated":true}]}}