{"id":31322,"date":"2013-10-26T00:00:00","date_gmt":"2013-10-26T04:00:00","guid":{"rendered":"http:\/\/www.noticel.com\/ahora\/20131026\/jueza-municipal-adria-cruz-tiene-querellas-en-junta-de-relaciones-del-traba\/"},"modified":"2025-07-15T18:20:38","modified_gmt":"2025-07-15T18:20:38","slug":"jueza-municipal-adria-cruz-tiene-querellas-en-junta-de-relaciones-del-traba","status":"publish","type":"post","link":"https:\/\/noticel.com\/en\/ultima-hora\/20131026\/jueza-municipal-adria-cruz-tiene-querellas-en-junta-de-relaciones-del-traba\/","title":{"rendered":"Jueza municipal Adria Cruz tiene querellas en Junta de Relaciones del Traba"},"content":{"rendered":"<p>La jueza municipal de Ponce, Adria Cruz, cuyo nombramiento no ha sido confirmado afirmativamente por el Senado, encara querellas pendientes de soluci\u00f3n en la Junta Nacional de Relaciones del Trabajo, confirm\u00f3 una fuente a NotiCel.<\/p>\n<p>El director de prensa de la Oficina de la Administraci\u00f3n de los Tribunales, Daniel Rodr\u00edguez, dijo a este diario digital que esa dependencia desconoce el asunto, pero record\u00f3 que ellos reciben los jueces que son nombrados por el Ejecutivo y confirmados por el alto cuerpo.Cruz ya est\u00e1 en funciones porque fue nombrada en medio de un receso de la Asamblea Legislativa.<\/p>\n<p>&#8216;Si pasa la (presente) sesi\u00f3n y no la confirman autom\u00e1ticamente cesa en sus funciones&#8217;, explic\u00f3 Rodr\u00edguez a este diario digital.<\/p>\n<p>NotiCel se comunic\u00f3 con la subdirectora de prensa de La Fortaleza, Yanira Hern\u00e1ndez, para pedir una reacci\u00f3n y saber si el comit\u00e9 que eval\u00faa los nombramientos de los jueces y juezas ten\u00eda conocimiento de los casos administrativos pendientes contra la hoy jueza municipal en la Junta de Relaciones del Trabajo.<\/p><div class=\"notic-content-middle\" id=\"notic-1763211079\"><div class=\"notic-adlabel\">Advertisements<\/div><a data-no-instant=\"1\" href=\"https:\/\/www.asegurate-bien.com\/\" rel=\"noopener\" class=\"a2t-link\" target=\"_blank\" aria-label=\"Acodese-Adaptaciones-Noticel-970&#215;90\"><img loading=\"lazy\" decoding=\"async\" src=\"https:\/\/cdn.noticel.com\/2026\/07\/30100146\/Acodese-Adaptaciones-Noticel-970x90-1.jpg\" alt=\"\"  srcset=\"https:\/\/cdn.noticel.com\/2026\/07\/30100146\/Acodese-Adaptaciones-Noticel-970x90-1.jpg 970w, https:\/\/cdn.noticel.com\/2026\/07\/30100146\/Acodese-Adaptaciones-Noticel-970x90-1-300x28.jpg 300w, https:\/\/cdn.noticel.com\/2026\/07\/30100146\/Acodese-Adaptaciones-Noticel-970x90-1-768x71.jpg 768w, https:\/\/cdn.noticel.com\/2026\/07\/30100146\/Acodese-Adaptaciones-Noticel-970x90-1-18x2.jpg 18w\" sizes=\"(max-width: 970px) 100vw, 970px\" width=\"970\" height=\"90\"   \/><\/a><\/div>\n<p>Hern\u00e1ndez lament\u00f3 no poder dar informaci\u00f3n al respecto pues el proceso de evaluaci\u00f3n de candidatos es &#8216;confidencial&#8217; y, seg\u00fan lo establecido en la Ley 91 de diciembre de 1991 (Ley de Evaluaci\u00f3n de Jueces y Candidatos a Jueces), los funcionarios que divulgan informaci\u00f3n relacionada a las candidatas o candidatos designados se exponen a ser procesados por el delito menos grave de divulgar informaci\u00f3n confidencial.<\/p>\n<p>&#8216;La ley proh\u00edbe a los funcionarios divulgar documentos y la informaci\u00f3n que se recopile sobre las y los nominados como parte del proceso de designaci\u00f3n y nombramiento de los miembros a la Judicatura&#8217;, precis\u00f3 la funcionaria.<\/p>\n<p>Cruz enfrent\u00f3 una contundente oposici\u00f3n por parte del licenciado Leonardo Aldridge durante su vista de confirmaci\u00f3n en la que estuvo acompa\u00f1ada por Juanita Colombani, pasada directora de prensa del exgobernador An\u00edbal Acevedo Vil\u00e1. Este diario digital supo que fue precisamente el exmandatario quien impuls\u00f3 el nombramiento de la experiodista del peri\u00f3dico Primera Hora.<\/p>","protected":false},"excerpt":{"rendered":"<p>La jueza municipal de Ponce, Adria Cruz, cuyo nombramiento no ha sido confirmado afirmativamente por el Senado, encara querellas pendientes de soluci\u00f3n en la Junta Nacional de Relaciones del Trabajo, confirm\u00f3 una fuente a NotiCel. El director de prensa de la Oficina de la Administraci\u00f3n de los Tribunales, Daniel Rodr\u00edguez, dijo a este diario digital [&hellip;]<\/p>","protected":false},"author":0,"featured_media":364602,"comment_status":"closed","ping_status":"closed","sticky":false,"template":"","format":"standard","meta":{"_acf_changed":false,"_monsterinsights_skip_tracking":false,"ep_exclude_from_search":false,"footnotes":""},"categories":[2],"tags":[],"class_list":["post-31322","post","type-post","status-publish","format-standard","has-post-thumbnail","hentry","category-ultima-hora"],"acf":[],"aioseo_notices":[],"_links":{"self":[{"href":"https:\/\/noticel.com\/en\/wp-json\/wp\/v2\/posts\/31322","targetHints":{"allow":["GET"]}}],"collection":[{"href":"https:\/\/noticel.com\/en\/wp-json\/wp\/v2\/posts"}],"about":[{"href":"https:\/\/noticel.com\/en\/wp-json\/wp\/v2\/types\/post"}],"replies":[{"embeddable":true,"href":"https:\/\/noticel.com\/en\/wp-json\/wp\/v2\/comments?post=31322"}],"version-history":[{"count":1,"href":"https:\/\/noticel.com\/en\/wp-json\/wp\/v2\/posts\/31322\/revisions"}],"predecessor-version":[{"id":364605,"href":"https:\/\/noticel.com\/en\/wp-json\/wp\/v2\/posts\/31322\/revisions\/364605"}],"wp:featuredmedia":[{"embeddable":true,"href":"https:\/\/noticel.com\/en\/wp-json\/wp\/v2\/media\/364602"}],"wp:attachment":[{"href":"https:\/\/noticel.com\/en\/wp-json\/wp\/v2\/media?parent=31322"}],"wp:term":[{"taxonomy":"category","embeddable":true,"href":"https:\/\/noticel.com\/en\/wp-json\/wp\/v2\/categories?post=31322"},{"taxonomy":"post_tag","embeddable":true,"href":"https:\/\/noticel.com\/en\/wp-json\/wp\/v2\/tags?post=31322"}],"curies":[{"name":"wp","href":"https:\/\/api.w.org\/{rel}","templated":true}]}}