{"id":30576,"date":"2016-02-08T00:00:00","date_gmt":"2016-02-08T04:00:00","guid":{"rendered":"http:\/\/www.noticel.com\/economia\/20160208\/el-sector-turistico-apuesta-por-la-prevencion-contra-el-zika\/"},"modified":"2025-07-15T19:15:38","modified_gmt":"2025-07-15T19:15:38","slug":"el-sector-turistico-apuesta-por-la-prevencion-contra-el-zika","status":"publish","type":"post","link":"https:\/\/noticel.com\/en\/economia\/20160208\/el-sector-turistico-apuesta-por-la-prevencion-contra-el-zika\/","title":{"rendered":"El sector tur\u00edstico apuesta por la prevenci\u00f3n contra el zika"},"content":{"rendered":"<p>El sector tur\u00edstico de Puerto Rico, en plena temporada alta, apuesta por medidas preventivas para frenar el avance del virus del Zika en la isla caribe\u00f1a ante el temor de que su expansi\u00f3n perjudique la llegada de visitantes.<\/p>\n<p>La directora de la Compa\u00f1\u00eda de Turismo de Puerto Rico, Ingrid Rivera Rocafort, se\u00f1al\u00f3 hoy a Efe que las acciones preventivas son la principal baza para frenar la propagaci\u00f3n del zika en la isla, donde, de momento, el sector no ha sufrido fuertes consecuencias a causa de un virus que se propaga con gran rapidez por el continente americano.<\/p>\n<p>&#8216;Hasta el momento en Puerto Rico solo tenemos registro de la cancelaci\u00f3n de dos grupos particulares para sus estancias en hoteles&#8217;, dijo la funcionaria, tras aclarar que, aunque no dispone de informaci\u00f3n del n\u00famero concreto de pernoctaciones perdidas, se trata de una cifra &#8216;poco importante&#8217;.<\/p>\n<p>&#8216;Lo m\u00e1s importante ahora es enviar un mensaje sobre prevenci\u00f3n&#8217;, destac\u00f3 Rivera, tras insistir en que la propagaci\u00f3n del zika es un problema regional que sufren muchos pa\u00edses y pedir a la poblaci\u00f3n local que colabore eliminando criaderos de mosquitos y evitando las concentraciones de agua estancada.<\/p>\n<p>La presidenta de la patronal Asociaci\u00f3n de Hoteles y Turismo de Puerto Rico, Clarisa Jim\u00e9nez, tambi\u00e9n dijo a Efe que por el momento no se han registrado cancelaciones masivas, aunque s\u00ed &#8216;ha habido alguna&#8217;, as\u00ed como &#8216;cambios de fechas en casos en que hab\u00eda mujeres embarazadas&#8217;.<\/p>\n<p>&#8216;Se trata de un problema que afecta al mundo entero&#8217;, subray\u00f3 igualmente la directiva, quien asegur\u00f3 que sus asociados permanecen tranquilos y que no se espera que la propagaci\u00f3n del zika se convierta en un problema para el sector tur\u00edstico de Puerto Rico.<\/p><div class=\"notic-content-middle\" id=\"notic-1913353032\"><div class=\"notic-adlabel\">Advertisements<\/div><a data-no-instant=\"1\" href=\"https:\/\/qrco.de\/bgxd5v\" rel=\"noopener\" class=\"a2t-link\" target=\"_blank\" aria-label=\"300X600-SEBUSCA2\"><img loading=\"lazy\" decoding=\"async\" src=\"https:\/\/cdn.noticel.com\/2026\/09\/02194415\/300X600-SEBUSCA2.jpg\" alt=\"\"  srcset=\"https:\/\/cdn.noticel.com\/2026\/09\/02194415\/300X600-SEBUSCA2.jpg 300w, https:\/\/cdn.noticel.com\/2026\/09\/02194415\/300X600-SEBUSCA2-150x300.jpg 150w, https:\/\/cdn.noticel.com\/2026\/09\/02194415\/300X600-SEBUSCA2-6x12.jpg 6w\" sizes=\"(max-width: 300px) 100vw, 300px\" width=\"300\" height=\"600\"   \/><\/a><\/div>\n<p>&#8216;Como en el resto de Latinoam\u00e9rica pedimos un esfuerzo de prevenci\u00f3n&#8217;, indic\u00f3 Jim\u00e9nez, para quien tambi\u00e9n es vital la colaboraci\u00f3n de la ciudadan\u00eda.<\/p>\n<p>Ambas coincidieron en apuntar que Puerto Rico ya tiene mucha experiencia lidiando con el chikungu\u00f1a y el dengue, que, al igual que el zika se transmite a trav\u00e9s del mosquito Aedes aegypti.<\/p>\n<p>En Puerto Rico, desde que se detect\u00f3 el primer caso hace cerca de un mes, se han confirmado 22 contagios, aunque las autoridades advierten de que muchas veces los s\u00edntomas del virus pasan inadvertidos.<\/p>\n<p>Con casi una d\u00e9cada de crisis econ\u00f3mica y fiscal, y una deuda acumulada de unos 72.000 millones de d\u00f3lares, la isla tiene en el turismo una de sus principales fuentes de ingresos para equilibrar su balanza de pagos.<\/p>\n<p>M\u00e1s del 90 % de los turistas que llegan a Puerto Rico son ciudadanos estadounidenses de la Costa Este, atra\u00eddos por su clima tropical a poco m\u00e1s de dos horas en avi\u00f3n de sus ciudades de origen y por el hecho de no necesitar pasaporte para entrar en la isla, que tiene el estatus de Estado Libre Asociado a EE.UU.<\/p>","protected":false},"excerpt":{"rendered":"<p>El sector tur\u00edstico de Puerto Rico, en plena temporada alta, apuesta por medidas preventivas para frenar el avance del virus del Zika en la isla caribe\u00f1a ante el temor de que su expansi\u00f3n perjudique la llegada de visitantes. La directora de la Compa\u00f1\u00eda de Turismo de Puerto Rico, Ingrid Rivera Rocafort, se\u00f1al\u00f3 hoy a Efe [&hellip;]<\/p>","protected":false},"author":0,"featured_media":369177,"comment_status":"closed","ping_status":"closed","sticky":false,"template":"","format":"standard","meta":{"_acf_changed":false,"_monsterinsights_skip_tracking":false,"ep_exclude_from_search":false,"footnotes":""},"categories":[22],"tags":[],"class_list":["post-30576","post","type-post","status-publish","format-standard","has-post-thumbnail","hentry","category-economia"],"acf":[],"aioseo_notices":[],"_links":{"self":[{"href":"https:\/\/noticel.com\/en\/wp-json\/wp\/v2\/posts\/30576","targetHints":{"allow":["GET"]}}],"collection":[{"href":"https:\/\/noticel.com\/en\/wp-json\/wp\/v2\/posts"}],"about":[{"href":"https:\/\/noticel.com\/en\/wp-json\/wp\/v2\/types\/post"}],"replies":[{"embeddable":true,"href":"https:\/\/noticel.com\/en\/wp-json\/wp\/v2\/comments?post=30576"}],"version-history":[{"count":1,"href":"https:\/\/noticel.com\/en\/wp-json\/wp\/v2\/posts\/30576\/revisions"}],"predecessor-version":[{"id":369179,"href":"https:\/\/noticel.com\/en\/wp-json\/wp\/v2\/posts\/30576\/revisions\/369179"}],"wp:featuredmedia":[{"embeddable":true,"href":"https:\/\/noticel.com\/en\/wp-json\/wp\/v2\/media\/369177"}],"wp:attachment":[{"href":"https:\/\/noticel.com\/en\/wp-json\/wp\/v2\/media?parent=30576"}],"wp:term":[{"taxonomy":"category","embeddable":true,"href":"https:\/\/noticel.com\/en\/wp-json\/wp\/v2\/categories?post=30576"},{"taxonomy":"post_tag","embeddable":true,"href":"https:\/\/noticel.com\/en\/wp-json\/wp\/v2\/tags?post=30576"}],"curies":[{"name":"wp","href":"https:\/\/api.w.org\/{rel}","templated":true}]}}