{"id":30309,"date":"2018-08-23T00:00:00","date_gmt":"2018-08-23T04:00:00","guid":{"rendered":"http:\/\/www.noticel.com\/el-tiempo\/huracanes\/mundo\/20180823\/hawai-aguarda-la-llegada-de-lane-en-estado-de-emergencia\/"},"modified":"2025-07-15T19:37:15","modified_gmt":"2025-07-15T19:37:15","slug":"hawai-aguarda-la-llegada-de-lane-en-estado-de-emergencia","status":"publish","type":"post","link":"https:\/\/noticel.com\/en\/noticias\/mundo\/20180823\/hawai-aguarda-la-llegada-de-lane-en-estado-de-emergencia\/","title":{"rendered":"Haw\u00e1i aguarda la llegada de Lane en estado de emergencia"},"content":{"rendered":"<p><i>Hurac\u00e1n amenaza como el m\u00e1s destructivo en 26 a\u00f1os<\/i><\/p>\n<p>El presidente de Estados Unidos, Donald Trump, anunci\u00f3 hoy la aprobaci\u00f3n de la declaraci\u00f3n de emergencia en Haw\u00e1i ante la inminente llegada del hurac\u00e1n Lane, que amenaza con convertirse en la tormenta m\u00e1s virulenta sufrida desde hace decadas en este archipielago situado en aguas del Pac\u00edfico.<\/p>\n<p>Esta declaraci\u00f3n autoriza al Departamento de Seguridad Nacional (DHS) y a la Agencia Federal para la Gesti\u00f3n de Emergencias (FEMA) coordinar todos los esfuerzos de socorro en casos de desastre y destinar fondos federales para afrontar la tragedia.<\/p>\n<p>El prop\u00f3sito de esta medida es salvar vidas y salvaguardar la propiedad privada y la salud p\u00fablica para as\u00ed &#8216;minimizar o evitar la amenaza de una cat\u00e1strofe&#8217; en las islas, se\u00f1al\u00f3 la Casa Blanca en un comunicado.<\/p><div class=\"notic-content-middle\" id=\"notic-1456233834\"><div class=\"notic-adlabel\">Advertisements<\/div><a data-no-instant=\"1\" href=\"https:\/\/qrco.de\/bgxd5v\" rel=\"noopener\" class=\"a2t-link\" target=\"_blank\" aria-label=\"DisplayAds-970&#215;2503\"><img loading=\"lazy\" decoding=\"async\" src=\"https:\/\/cdn.noticel.com\/2026\/09\/02201056\/DisplayAds-970x2503-1.jpg\" alt=\"\"  srcset=\"https:\/\/cdn.noticel.com\/2026\/09\/02201056\/DisplayAds-970x2503-1.jpg 970w, https:\/\/cdn.noticel.com\/2026\/09\/02201056\/DisplayAds-970x2503-1-300x77.jpg 300w, https:\/\/cdn.noticel.com\/2026\/09\/02201056\/DisplayAds-970x2503-1-768x198.jpg 768w, https:\/\/cdn.noticel.com\/2026\/09\/02201056\/DisplayAds-970x2503-1-18x5.jpg 18w\" sizes=\"(max-width: 970px) 100vw, 970px\" width=\"970\" height=\"250\"   \/><\/a><\/div>\n<p>De acuerdo con expertos climatol\u00f3gicos citados por la cadena CNN, el ojo del hurac\u00e1n podr\u00eda convertirse en un cicl\u00f3n de tal magnitud que, en caso de tocar tierra, ser\u00eda el m\u00e1s destructivo de los \u00faltimos 26 a\u00f1os.<\/p>\n<p>De acuerdo con las \u00faltimas informaciones divulgadas por el Centro de Huracanes del Pac\u00edfico Central (CPHC) de EE.UU., el hurac\u00e1n a\u00fan se dirige hacia Haw\u00e1i empujado por vientos que alcanzan una velocidad de 210 kil\u00f3metros por hora y, previsiblemente, pasar\u00e1 por la mayor\u00eda de las islas del archipielago.<\/p>\n<p>A pesar de la gravedad de la amenaza, el Servicio Meteorol\u00f3gico Nacional ha anunciado a traves de las redes sociales que la tormenta, que el martes lleg\u00f3 a la categor\u00eda cinco -la m\u00e1xima en la escala Saffir-Simpson-, se ha degradado en las \u00faltimas horas.<\/p>\n<p>Para evitar riesgos, el Pent\u00e1gono anunci\u00f3 ayer la retirada de su flota desplegada en la zona, aunque asegur\u00f3 que se mantendr\u00eda en las proximidades por si fuera requerida su participaci\u00f3n en futuras labores de socorro.<\/p>","protected":false},"excerpt":{"rendered":"<p>Hurac\u00e1n amenaza como el m\u00e1s destructivo en 26 a\u00f1os El presidente de Estados Unidos, Donald Trump, anunci\u00f3 hoy la aprobaci\u00f3n de la declaraci\u00f3n de emergencia en Haw\u00e1i ante la inminente llegada del hurac\u00e1n Lane, que amenaza con convertirse en la tormenta m\u00e1s virulenta sufrida desde hace decadas en este archipielago situado en aguas del Pac\u00edfico. [&hellip;]<\/p>","protected":false},"author":0,"featured_media":370854,"comment_status":"closed","ping_status":"closed","sticky":false,"template":"","format":"standard","meta":{"_acf_changed":false,"_monsterinsights_skip_tracking":false,"ep_exclude_from_search":false,"footnotes":""},"categories":[18,19,17],"tags":[],"class_list":["post-30309","post","type-post","status-publish","format-standard","has-post-thumbnail","hentry","category-el-tiempo","category-huracanes","category-mundo"],"acf":[],"aioseo_notices":[],"_links":{"self":[{"href":"https:\/\/noticel.com\/en\/wp-json\/wp\/v2\/posts\/30309","targetHints":{"allow":["GET"]}}],"collection":[{"href":"https:\/\/noticel.com\/en\/wp-json\/wp\/v2\/posts"}],"about":[{"href":"https:\/\/noticel.com\/en\/wp-json\/wp\/v2\/types\/post"}],"replies":[{"embeddable":true,"href":"https:\/\/noticel.com\/en\/wp-json\/wp\/v2\/comments?post=30309"}],"version-history":[{"count":1,"href":"https:\/\/noticel.com\/en\/wp-json\/wp\/v2\/posts\/30309\/revisions"}],"predecessor-version":[{"id":370856,"href":"https:\/\/noticel.com\/en\/wp-json\/wp\/v2\/posts\/30309\/revisions\/370856"}],"wp:featuredmedia":[{"embeddable":true,"href":"https:\/\/noticel.com\/en\/wp-json\/wp\/v2\/media\/370854"}],"wp:attachment":[{"href":"https:\/\/noticel.com\/en\/wp-json\/wp\/v2\/media?parent=30309"}],"wp:term":[{"taxonomy":"category","embeddable":true,"href":"https:\/\/noticel.com\/en\/wp-json\/wp\/v2\/categories?post=30309"},{"taxonomy":"post_tag","embeddable":true,"href":"https:\/\/noticel.com\/en\/wp-json\/wp\/v2\/tags?post=30309"}],"curies":[{"name":"wp","href":"https:\/\/api.w.org\/{rel}","templated":true}]}}