{"id":29124,"date":"2016-01-21T00:00:00","date_gmt":"2016-01-21T04:00:00","guid":{"rendered":"http:\/\/www.noticel.com\/la-calle\/20160121\/menor-cae-al-vacio-en-escuela-de-guayama\/"},"modified":"2025-07-15T21:16:27","modified_gmt":"2025-07-15T21:16:27","slug":"menor-cae-al-vacio-en-escuela-de-guayama","status":"publish","type":"post","link":"https:\/\/noticel.com\/en\/noticias\/la-calle\/20160121\/menor-cae-al-vacio-en-escuela-de-guayama\/","title":{"rendered":"Menor cae al vac\u00edo en escuela de Guayama"},"content":{"rendered":"<p>Las autoridades informaron el jueves que a eso de las 11:00 de la ma\u00f1ana un menor supuestamente sufri\u00f3 una ca\u00edda en una escuela del municipio de Guayama.<\/p>\n<p>Informa la Oficina de Prensa de Guayama que un menor de 8 a\u00f1os de edad, cay\u00f3 de un segundo piso de la Escuela Elemental Bartolo Caussade en el Barrio Coraz\u00f3n de Guayama.<\/p>\n<p>El menor fue llevado inconsciente hasta el Centro M\u00e9dico de R\u00edo Piedras en ambulancia a\u00e9rea.<\/p><div class=\"notic-content-middle\" id=\"notic-338662479\"><div class=\"notic-adlabel\">Advertisements<\/div><a data-no-instant=\"1\" href=\"https:\/\/www.asegurate-bien.com\/\" rel=\"noopener\" class=\"a2t-link\" target=\"_blank\" aria-label=\"Acodese-Adaptaciones-Noticel-300&#215;600\"><img loading=\"lazy\" decoding=\"async\" src=\"https:\/\/cdn.noticel.com\/2026\/05\/30094652\/Acodese-Adaptaciones-Noticel-300x600-1.jpg\" alt=\"\"  srcset=\"https:\/\/cdn.noticel.com\/2026\/05\/30094652\/Acodese-Adaptaciones-Noticel-300x600-1.jpg 300w, https:\/\/cdn.noticel.com\/2026\/05\/30094652\/Acodese-Adaptaciones-Noticel-300x600-1-150x300.jpg 150w, https:\/\/cdn.noticel.com\/2026\/05\/30094652\/Acodese-Adaptaciones-Noticel-300x600-1-6x12.jpg 6w\" sizes=\"(max-width: 300px) 100vw, 300px\" width=\"300\" height=\"600\"   \/><\/a><\/div>\n<p>Entertanto, el subsecretario del Departamento de Educaci\u00f3n, Alexis Morales Fresse, indic\u00f3 en comunicado de prensa que,&#8217;Tras ser notificados del incidente nos personamos al plantel para junto a personal de la regi\u00f3n educativa de Caguas y del distrito escolar dar apoyo a la escuela ante esta eventualidad. Hemos iniciado una investigaci\u00f3n, cuyos hallazgos preliminares apuntan a que, en primera instancia, la escuela sigui\u00f3 los protocolos establecidos para la atenci\u00f3n de este tipo de caso y, en segundo lugar, que se trat\u00f3 de un accidente lamentable ocurrido durante un juego entre compa\u00f1eros de clases. No obstante, se est\u00e1 profundizando en todos los detalles para conocer las circunstancias que dieron paso a este suceso y fijar responsabilidades de ser necesario&#8217;.<\/p>\n<p>Se inform\u00f3 que, ma\u00f1ana, personal de la Secretar\u00eda Auxiliar de Servicios de Ayuda al Estudiante del DE acudir\u00e1 a la escuela para ofrecer apoyo a la comunidad escolar.<\/p>","protected":false},"excerpt":{"rendered":"<p>Las autoridades informaron el jueves que a eso de las 11:00 de la ma\u00f1ana un menor supuestamente sufri\u00f3 una ca\u00edda en una escuela del municipio de Guayama. Informa la Oficina de Prensa de Guayama que un menor de 8 a\u00f1os de edad, cay\u00f3 de un segundo piso de la Escuela Elemental Bartolo Caussade en el [&hellip;]<\/p>","protected":false},"author":0,"featured_media":378515,"comment_status":"closed","ping_status":"closed","sticky":false,"template":"","format":"standard","meta":{"_acf_changed":false,"_monsterinsights_skip_tracking":false,"ep_exclude_from_search":false,"footnotes":""},"categories":[12],"tags":[],"class_list":["post-29124","post","type-post","status-publish","format-standard","has-post-thumbnail","hentry","category-la-calle"],"acf":[],"aioseo_notices":[],"_links":{"self":[{"href":"https:\/\/noticel.com\/en\/wp-json\/wp\/v2\/posts\/29124","targetHints":{"allow":["GET"]}}],"collection":[{"href":"https:\/\/noticel.com\/en\/wp-json\/wp\/v2\/posts"}],"about":[{"href":"https:\/\/noticel.com\/en\/wp-json\/wp\/v2\/types\/post"}],"replies":[{"embeddable":true,"href":"https:\/\/noticel.com\/en\/wp-json\/wp\/v2\/comments?post=29124"}],"version-history":[{"count":1,"href":"https:\/\/noticel.com\/en\/wp-json\/wp\/v2\/posts\/29124\/revisions"}],"predecessor-version":[{"id":378517,"href":"https:\/\/noticel.com\/en\/wp-json\/wp\/v2\/posts\/29124\/revisions\/378517"}],"wp:featuredmedia":[{"embeddable":true,"href":"https:\/\/noticel.com\/en\/wp-json\/wp\/v2\/media\/378515"}],"wp:attachment":[{"href":"https:\/\/noticel.com\/en\/wp-json\/wp\/v2\/media?parent=29124"}],"wp:term":[{"taxonomy":"category","embeddable":true,"href":"https:\/\/noticel.com\/en\/wp-json\/wp\/v2\/categories?post=29124"},{"taxonomy":"post_tag","embeddable":true,"href":"https:\/\/noticel.com\/en\/wp-json\/wp\/v2\/tags?post=29124"}],"curies":[{"name":"wp","href":"https:\/\/api.w.org\/{rel}","templated":true}]}}