{"id":29103,"date":"2015-10-20T00:00:00","date_gmt":"2015-10-20T04:00:00","guid":{"rendered":"http:\/\/www.noticel.com\/deportes\/20151020\/pistorius-sale-de-prision\/"},"modified":"2025-07-15T21:20:05","modified_gmt":"2025-07-15T21:20:05","slug":"pistorius-sale-de-prision","status":"publish","type":"post","link":"https:\/\/noticel.com\/en\/deportes\/20151020\/pistorius-sale-de-prision\/","title":{"rendered":"Pistorius sale de prisi\u00f3n"},"content":{"rendered":"<p>El atleta Oscar Pistorius, condenado a 5 a\u00f1os de prisi\u00f3n por el homicidio de su novia, la modelo Reeva Steenkamp, fue liberado ayer al filo de la medianoche de la prisi\u00f3n Kgosi Mampuru de Pretoria, y ya est\u00e1 bajo arresto domiciliario en la mansi\u00f3n de su t\u00edo Arnold en esta ciudad.<\/p>\n<p>La esperada salida por buen comportamiento del corredor de la c\u00e1rcel, donde ingres\u00f3 hace casi un a\u00f1o, el 21 de octubre de 2014, se adelant\u00f3 unos minutos, pues estaba fijada para hoy, para evitar la aglomeraci\u00f3n de periodistas a las puertas del penal, informan medios locales.<\/p>\n<p>Instituciones Penitenciarias, que decidi\u00f3 el pasado jueves la fecha de la libertad condicional de Pistorius, solo confirm\u00f3 su salida despu\u00e9s de que el deportista hubo abandonado la c\u00e1rcel para seguir cumpliendo su pena bajo arresto domiciliario.<\/p>\n<p>Seg\u00fan la ley sudafricana, los condenados por homicidio optan a la posibilidad de pagar por su crimen en arresto domiciliario una vez han cumplido una sexta parte de su pena, diez meses en el caso de Pistorius, que fue hallado culpable de este delito por matar en febrero de 2013 de cuatro tiros a Steenkamp a trav\u00e9s de la puerta del ba\u00f1o de su casa.<\/p>\n<p>La fecha de liberaci\u00f3n del velocista establecida en un primer momento por Instituciones Penitenciarias fue el 21 de agosto, cuando Pistorius cumpl\u00eda diez meses entre rejas, pero el ministerio de Justicia revoc\u00f3 dos d\u00edas antes la decisi\u00f3n ya que se hab\u00eda tomado antes de que el condenado fuera elegible para esta opci\u00f3n.<\/p>\n<p>En arresto domiciliario, Pistorius podr\u00e1 salir de casa solo para ir a trabajar, realizar labores sociales y atender reuniones familiares consideradas importantes, seg\u00fan la prensa.<\/p><div class=\"notic-content-middle\" id=\"notic-974623149\"><div class=\"notic-adlabel\">Advertisements<\/div><a data-no-instant=\"1\" href=\"https:\/\/www.asegurate-bien.com\/\" rel=\"noopener\" class=\"a2t-link\" target=\"_blank\" aria-label=\"Acodese-Adaptaciones-Noticel-970&#215;250\"><img loading=\"lazy\" decoding=\"async\" src=\"https:\/\/cdn.noticel.com\/2026\/05\/30100504\/Acodese-Adaptaciones-Noticel-970x250-1.jpg\" alt=\"\"  srcset=\"https:\/\/cdn.noticel.com\/2026\/05\/30100504\/Acodese-Adaptaciones-Noticel-970x250-1.jpg 970w, https:\/\/cdn.noticel.com\/2026\/05\/30100504\/Acodese-Adaptaciones-Noticel-970x250-1-300x77.jpg 300w, https:\/\/cdn.noticel.com\/2026\/05\/30100504\/Acodese-Adaptaciones-Noticel-970x250-1-768x198.jpg 768w, https:\/\/cdn.noticel.com\/2026\/05\/30100504\/Acodese-Adaptaciones-Noticel-970x250-1-18x5.jpg 18w\" sizes=\"(max-width: 970px) 100vw, 970px\" width=\"970\" height=\"250\"   \/><\/a><\/div>\n<p>Pistorius podr\u00eda volver a la c\u00e1rcel, esta vez condenado al menos a 15 a\u00f1os de pena, si el Tribunal Supremo de la Magistratura da la raz\u00f3n al fiscal del caso, Gerrie Nel, sobre el recurso al veredicto contra el corredor, que se presentar\u00e1 el 3 de noviembre en la ciudad de Bloemfontein, en el centro de Sud\u00e1frica.<\/p>\n<p>Nel considera que la jueza Thokozile Masipa err\u00f3 al condenar a Pistorius, de 28 a\u00f1os, por homicidio, y pide que sea declarado culpable por un delito de asesinato.<\/p>\n<p>En su sentencia, Masipa acept\u00f3 la versi\u00f3n de los hechos del deportista, que asegura que dispar\u00f3 contra su novia presa del p\u00e1nico y al haberla confundido con un intruso que imagin\u00f3 que se hab\u00eda colado en la casa por la ventana del ba\u00f1o.<\/p>\n<p>El fiscal considera que Pistorius debe ser condenado por asesinato porque abri\u00f3 fuego con la intenci\u00f3n de matar a la persona que hab\u00eda detr\u00e1s de la puerta del retrete, tanto si pensaba que era su novia como si cre\u00eda que era un ladr\u00f3n, como \u00e9l afirma.<\/p>\n<p>Oscar Pistorius naci\u00f3 con un problema gen\u00e9tico que llev\u00f3 a sus padres a amputarle las dos piernas por debajo de las rodillas cuando ten\u00eda 11 meses.<\/p>\n<p>Pistorius corre sobre dos pr\u00f3tesis de carbono, y alcanz\u00f3 la cima de su fama en los Juegos de Londres de 2012, cuando se convirti\u00f3 en el primer deportista de la historia con las dos piernas amputadas en participar en unas Olimpiadas.<\/p>","protected":false},"excerpt":{"rendered":"<p>El atleta Oscar Pistorius, condenado a 5 a\u00f1os de prisi\u00f3n por el homicidio de su novia, la modelo Reeva Steenkamp, fue liberado ayer al filo de la medianoche de la prisi\u00f3n Kgosi Mampuru de Pretoria, y ya est\u00e1 bajo arresto domiciliario en la mansi\u00f3n de su t\u00edo Arnold en esta ciudad. La esperada salida por [&hellip;]<\/p>","protected":false},"author":0,"featured_media":378789,"comment_status":"closed","ping_status":"closed","sticky":false,"template":"","format":"standard","meta":{"_acf_changed":false,"_monsterinsights_skip_tracking":false,"ep_exclude_from_search":false,"footnotes":""},"categories":[31],"tags":[],"class_list":["post-29103","post","type-post","status-publish","format-standard","has-post-thumbnail","hentry","category-deportes"],"acf":[],"aioseo_notices":[],"_links":{"self":[{"href":"https:\/\/noticel.com\/en\/wp-json\/wp\/v2\/posts\/29103","targetHints":{"allow":["GET"]}}],"collection":[{"href":"https:\/\/noticel.com\/en\/wp-json\/wp\/v2\/posts"}],"about":[{"href":"https:\/\/noticel.com\/en\/wp-json\/wp\/v2\/types\/post"}],"replies":[{"embeddable":true,"href":"https:\/\/noticel.com\/en\/wp-json\/wp\/v2\/comments?post=29103"}],"version-history":[{"count":1,"href":"https:\/\/noticel.com\/en\/wp-json\/wp\/v2\/posts\/29103\/revisions"}],"predecessor-version":[{"id":378791,"href":"https:\/\/noticel.com\/en\/wp-json\/wp\/v2\/posts\/29103\/revisions\/378791"}],"wp:featuredmedia":[{"embeddable":true,"href":"https:\/\/noticel.com\/en\/wp-json\/wp\/v2\/media\/378789"}],"wp:attachment":[{"href":"https:\/\/noticel.com\/en\/wp-json\/wp\/v2\/media?parent=29103"}],"wp:term":[{"taxonomy":"category","embeddable":true,"href":"https:\/\/noticel.com\/en\/wp-json\/wp\/v2\/categories?post=29103"},{"taxonomy":"post_tag","embeddable":true,"href":"https:\/\/noticel.com\/en\/wp-json\/wp\/v2\/tags?post=29103"}],"curies":[{"name":"wp","href":"https:\/\/api.w.org\/{rel}","templated":true}]}}