{"id":28834,"date":"2018-05-20T00:00:00","date_gmt":"2018-05-20T04:00:00","guid":{"rendered":"http:\/\/www.noticel.com\/ahora\/gobierno\/la-calle\/policia\/video\/20180520\/policia-cuenta-con-plan-para-exterminar-four-tracks\/"},"modified":"2025-07-15T21:52:10","modified_gmt":"2025-07-15T21:52:10","slug":"policia-cuenta-con-plan-para-exterminar-four-tracks","status":"publish","type":"post","link":"https:\/\/noticel.com\/en\/ultima-hora\/20180520\/policia-cuenta-con-plan-para-exterminar-four-tracks\/","title":{"rendered":"Polic\u00eda cuenta con plan para exterminar four tracks"},"content":{"rendered":"<p><i>Coronel asegura que aumentaron incautaciones<\/i><\/p><div class=\"notic-content-middle\" id=\"notic-4187968518\"><div class=\"notic-adlabel\">Advertisements<\/div><a data-no-instant=\"1\" href=\"https:\/\/qrco.de\/bgxd5v\" rel=\"noopener\" class=\"a2t-link\" target=\"_blank\" aria-label=\"DisplayAds-970&#215;2503\"><img loading=\"lazy\" decoding=\"async\" src=\"https:\/\/cdn.noticel.com\/2026\/09\/02201056\/DisplayAds-970x2503-1.jpg\" alt=\"\"  srcset=\"https:\/\/cdn.noticel.com\/2026\/09\/02201056\/DisplayAds-970x2503-1.jpg 970w, https:\/\/cdn.noticel.com\/2026\/09\/02201056\/DisplayAds-970x2503-1-300x77.jpg 300w, https:\/\/cdn.noticel.com\/2026\/09\/02201056\/DisplayAds-970x2503-1-768x198.jpg 768w, https:\/\/cdn.noticel.com\/2026\/09\/02201056\/DisplayAds-970x2503-1-18x5.jpg 18w\" sizes=\"(max-width: 970px) 100vw, 970px\" width=\"970\" height=\"250\"   \/><\/a><\/div>\n<p>Pese a que el marco legal expl\u00edcitamente proh\u00edbe conducir veh\u00edculos todo terreno,mejor conocidos como four track, en las v\u00edas p\u00fablicas de rodaje,en lo que va del 2018 la Polic\u00eda ha ocupado s\u00f3lo 19 de estos veh\u00edculos.<\/p>\n<p><iframe loading=\"lazy\" title=\"Polic\u00eda cuenta con plan para exterminar four tracks\" width=\"500\" height=\"281\" src=\"https:\/\/www.youtube.com\/embed\/A05IhENAqpg?feature=oembed\" frameborder=\"0\" allow=\"accelerometer; autoplay; clipboard-write; encrypted-media; gyroscope; picture-in-picture; web-share\" referrerpolicy=\"strict-origin-when-cross-origin\" allowfullscreen><\/iframe><\/p>","protected":false},"excerpt":{"rendered":"<p>Coronel asegura que aumentaron incautaciones Pese a que el marco legal expl\u00edcitamente proh\u00edbe conducir veh\u00edculos todo terreno,mejor conocidos como four track, en las v\u00edas p\u00fablicas de rodaje,en lo que va del 2018 la Polic\u00eda ha ocupado s\u00f3lo 19 de estos veh\u00edculos.<\/p>","protected":false},"author":0,"featured_media":380992,"comment_status":"closed","ping_status":"closed","sticky":false,"template":"","format":"standard","meta":{"_acf_changed":false,"_monsterinsights_skip_tracking":false,"ep_exclude_from_search":false,"footnotes":""},"categories":[4,12,2,61],"tags":[],"class_list":["post-28834","post","type-post","status-publish","format-standard","has-post-thumbnail","hentry","category-gobierno","category-la-calle","category-ultima-hora","category-video"],"acf":[],"aioseo_notices":[],"_links":{"self":[{"href":"https:\/\/noticel.com\/en\/wp-json\/wp\/v2\/posts\/28834","targetHints":{"allow":["GET"]}}],"collection":[{"href":"https:\/\/noticel.com\/en\/wp-json\/wp\/v2\/posts"}],"about":[{"href":"https:\/\/noticel.com\/en\/wp-json\/wp\/v2\/types\/post"}],"replies":[{"embeddable":true,"href":"https:\/\/noticel.com\/en\/wp-json\/wp\/v2\/comments?post=28834"}],"version-history":[{"count":1,"href":"https:\/\/noticel.com\/en\/wp-json\/wp\/v2\/posts\/28834\/revisions"}],"predecessor-version":[{"id":380997,"href":"https:\/\/noticel.com\/en\/wp-json\/wp\/v2\/posts\/28834\/revisions\/380997"}],"wp:featuredmedia":[{"embeddable":true,"href":"https:\/\/noticel.com\/en\/wp-json\/wp\/v2\/media\/380992"}],"wp:attachment":[{"href":"https:\/\/noticel.com\/en\/wp-json\/wp\/v2\/media?parent=28834"}],"wp:term":[{"taxonomy":"category","embeddable":true,"href":"https:\/\/noticel.com\/en\/wp-json\/wp\/v2\/categories?post=28834"},{"taxonomy":"post_tag","embeddable":true,"href":"https:\/\/noticel.com\/en\/wp-json\/wp\/v2\/tags?post=28834"}],"curies":[{"name":"wp","href":"https:\/\/api.w.org\/{rel}","templated":true}]}}