{"id":28681,"date":"2011-12-06T00:00:00","date_gmt":"2011-12-06T04:00:00","guid":{"rendered":"http:\/\/www.noticel.com\/vida\/20111206\/luce-defiende-concierto-de-yanni\/"},"modified":"2025-07-15T22:05:40","modified_gmt":"2025-07-15T22:05:40","slug":"luce-defiende-concierto-de-yanni","status":"publish","type":"post","link":"https:\/\/noticel.com\/en\/vida-y-bienestar\/20111206\/luce-defiende-concierto-de-yanni\/","title":{"rendered":"Luce defiende concierto de Yanni"},"content":{"rendered":"<p>Sin oportunidad para abundar mucho m\u00e1s en el tema, la primera dama Luc\u00e9 Vela defendi\u00f3 el costoso concierto del pianista griego Yanni, quien se presentar\u00e1 en El Morro a mediados de diciembre como parte de una invitaci\u00f3n gubernamental. La abogada notaria evadi\u00f3 preguntas sobre el historial de violencia dom\u00e9stica del m\u00fasico.<\/p>\n<p>Tan pronto cuando NotiCel lanz\u00f3 la pregunta sobre la participaci\u00f3n de Yanni, Vela sonri\u00f3 y aclar\u00f3 que, contrario a la cifra de $3 millones que hab\u00eda <a href=\"https:\/\/noticel.com\/en\/noticia\/109339\/yanni-actuara-en-el-morro.html\/\">trascendido<\/a>, la inversi\u00f3n de la Compa\u00f1\u00eda de Turismo es de &#8216;$800,00O para promover a Puerto Rico como destino&#8217;.<strong>NC:<\/strong> Pero hay otros artistas de Puerto Rico y reconocidos mundialmente que pudieran hacer lo mismo&#8230;<strong\/> &#8216;Esto es un proyecto de Turismo. Nuevamente, el prop\u00f3sito primordial de traer a Yanni es lanzar a Puerto Rico como destino&#8217;, insisti\u00f3.<strong\/> Vela, Y qu\u00e9 le parece que Yanni tenga un pasado como agresor <a href=\"https:\/\/noticel.com\/en\/noticia\/114134\/yanni-con-pasado-de-agresor-domestico.html\/\">dom\u00e9stico<\/a>? <strong>Vela:<\/strong> &#8216;Muchas gracias&#8217;, se limit\u00f3 a decir la Primera Dama, al mismo tiempo que se di\u00f3 la vuelta y se alej\u00f3 de la prensa.<\/p>\n<p>Seg\u00fan asegur\u00f3, la primera presentaci\u00f3n del pianista, cuyo nombre de pila es John Y. Christopher, en &#8216;este hemisferio&#8217;, lograr\u00e1 posicionar a la Isla &#8216;como un destino tur\u00edstico&#8217; porque es una &#8216;figura de car\u00e1cter internacional&#8217;.<\/p>\n<p>Vela:<\/p><div class=\"notic-content-middle\" id=\"notic-4164678725\"><div class=\"notic-adlabel\">Advertisements<\/div><a data-no-instant=\"1\" href=\"https:\/\/www.asegurate-bien.com\/\" rel=\"noopener\" class=\"a2t-link\" target=\"_blank\" aria-label=\"Acodese-Adaptaciones-Noticel-300&#215;600\"><img loading=\"lazy\" decoding=\"async\" src=\"https:\/\/cdn.noticel.com\/2026\/05\/30094652\/Acodese-Adaptaciones-Noticel-300x600-1.jpg\" alt=\"\"  srcset=\"https:\/\/cdn.noticel.com\/2026\/05\/30094652\/Acodese-Adaptaciones-Noticel-300x600-1.jpg 300w, https:\/\/cdn.noticel.com\/2026\/05\/30094652\/Acodese-Adaptaciones-Noticel-300x600-1-150x300.jpg 150w, https:\/\/cdn.noticel.com\/2026\/05\/30094652\/Acodese-Adaptaciones-Noticel-300x600-1-6x12.jpg 6w\" sizes=\"(max-width: 300px) 100vw, 300px\" width=\"300\" height=\"600\"   \/><\/a><\/div>\n<p>NC:<\/p>\n<p>A insistencia de NotiCel, el oficial de prensa, Javier Santana, quien hab\u00eda advertido de antemano que no permitir\u00eda preguntas que no se limitaran a las &#8216;Trullas Saludables&#8217; en las que participa Vela, junto a otros directores de agencias, repiti\u00f3 el &#8216;muchas gracias&#8217; y se llev\u00f3 a la esposa del Primer Ejecutivo.<\/p>\n<p>Minutos antes, Vela detall\u00f3 que la iniciativa del Departamento de la Vivienda, el de Salud y Recreaci\u00f3n y Deportes, lo que persigue es promover la prevenci\u00f3n.<\/p>\n<p>&#8216;Como esposa del gobernador quiero tener un pueblo saludable, que las madres se puedan cuidar. Muchas, como nos manifestaron, son madres solteras. Si ellas no estan bien, no van a poder cuidar de sus hijos&#8217;, sostuvo Vela.<\/p>","protected":false},"excerpt":{"rendered":"<p>Sin oportunidad para abundar mucho m\u00e1s en el tema, la primera dama Luc\u00e9 Vela defendi\u00f3 el costoso concierto del pianista griego Yanni, quien se presentar\u00e1 en El Morro a mediados de diciembre como parte de una invitaci\u00f3n gubernamental. La abogada notaria evadi\u00f3 preguntas sobre el historial de violencia dom\u00e9stica del m\u00fasico. Tan pronto cuando NotiCel [&hellip;]<\/p>","protected":false},"author":0,"featured_media":382036,"comment_status":"closed","ping_status":"closed","sticky":false,"template":"","format":"standard","meta":{"_acf_changed":false,"_monsterinsights_skip_tracking":false,"ep_exclude_from_search":false,"footnotes":""},"categories":[69],"tags":[],"class_list":["post-28681","post","type-post","status-publish","format-standard","has-post-thumbnail","hentry","category-vida-y-bienestar"],"acf":[],"aioseo_notices":[],"_links":{"self":[{"href":"https:\/\/noticel.com\/en\/wp-json\/wp\/v2\/posts\/28681","targetHints":{"allow":["GET"]}}],"collection":[{"href":"https:\/\/noticel.com\/en\/wp-json\/wp\/v2\/posts"}],"about":[{"href":"https:\/\/noticel.com\/en\/wp-json\/wp\/v2\/types\/post"}],"replies":[{"embeddable":true,"href":"https:\/\/noticel.com\/en\/wp-json\/wp\/v2\/comments?post=28681"}],"version-history":[{"count":1,"href":"https:\/\/noticel.com\/en\/wp-json\/wp\/v2\/posts\/28681\/revisions"}],"predecessor-version":[{"id":382038,"href":"https:\/\/noticel.com\/en\/wp-json\/wp\/v2\/posts\/28681\/revisions\/382038"}],"wp:featuredmedia":[{"embeddable":true,"href":"https:\/\/noticel.com\/en\/wp-json\/wp\/v2\/media\/382036"}],"wp:attachment":[{"href":"https:\/\/noticel.com\/en\/wp-json\/wp\/v2\/media?parent=28681"}],"wp:term":[{"taxonomy":"category","embeddable":true,"href":"https:\/\/noticel.com\/en\/wp-json\/wp\/v2\/categories?post=28681"},{"taxonomy":"post_tag","embeddable":true,"href":"https:\/\/noticel.com\/en\/wp-json\/wp\/v2\/tags?post=28681"}],"curies":[{"name":"wp","href":"https:\/\/api.w.org\/{rel}","templated":true}]}}