{"id":28630,"date":"2014-10-24T00:00:00","date_gmt":"2014-10-24T04:00:00","guid":{"rendered":"http:\/\/www.noticel.com\/la-calle\/20141024\/camion-volcado-en-la-carretera-28-lugar-permanece-cerrado\/"},"modified":"2025-07-15T22:09:27","modified_gmt":"2025-07-15T22:09:27","slug":"camion-volcado-en-la-carretera-28-lugar-permanece-cerrado","status":"publish","type":"post","link":"https:\/\/noticel.com\/en\/noticias\/la-calle\/20141024\/camion-volcado-en-la-carretera-28-lugar-permanece-cerrado\/","title":{"rendered":"Cami\u00f3n volcado en la carretera 28, lugar permanece cerrado"},"content":{"rendered":"<p>Las autoridades investigan un accidente en el que un cami\u00f3n result\u00f3 volcado en la carretera 28, frente a la Compa\u00f1\u00eda Goya en Bayam\u00f3n.<\/p>\n<p>El accidente ocurri\u00f3 a la 1 de la tarde. Hasta el momento no se ha reportado heridos.<\/p><div class=\"notic-content-middle\" id=\"notic-3166594863\"><div class=\"notic-adlabel\">Advertisements<\/div><a data-no-instant=\"1\" href=\"https:\/\/www.asegurate-bien.com\/\" rel=\"noopener\" class=\"a2t-link\" target=\"_blank\" aria-label=\"Acodese-Adaptaciones-Noticel-970&#215;90\"><img loading=\"lazy\" decoding=\"async\" src=\"https:\/\/cdn.noticel.com\/2026\/07\/30100146\/Acodese-Adaptaciones-Noticel-970x90-1.jpg\" alt=\"\"  srcset=\"https:\/\/cdn.noticel.com\/2026\/07\/30100146\/Acodese-Adaptaciones-Noticel-970x90-1.jpg 970w, https:\/\/cdn.noticel.com\/2026\/07\/30100146\/Acodese-Adaptaciones-Noticel-970x90-1-300x28.jpg 300w, https:\/\/cdn.noticel.com\/2026\/07\/30100146\/Acodese-Adaptaciones-Noticel-970x90-1-768x71.jpg 768w, https:\/\/cdn.noticel.com\/2026\/07\/30100146\/Acodese-Adaptaciones-Noticel-970x90-1-18x2.jpg 18w\" sizes=\"(max-width: 970px) 100vw, 970px\" width=\"970\" height=\"90\"   \/><\/a><\/div>\n<p>El cami\u00f3n transportaba vigas de acero.<\/p>","protected":false},"excerpt":{"rendered":"<p>Las autoridades investigan un accidente en el que un cami\u00f3n result\u00f3 volcado en la carretera 28, frente a la Compa\u00f1\u00eda Goya en Bayam\u00f3n. El accidente ocurri\u00f3 a la 1 de la tarde. Hasta el momento no se ha reportado heridos. El cami\u00f3n transportaba vigas de acero.<\/p>","protected":false},"author":0,"featured_media":382367,"comment_status":"closed","ping_status":"closed","sticky":false,"template":"","format":"standard","meta":{"_acf_changed":false,"_monsterinsights_skip_tracking":false,"ep_exclude_from_search":false,"footnotes":""},"categories":[12],"tags":[],"class_list":["post-28630","post","type-post","status-publish","format-standard","has-post-thumbnail","hentry","category-la-calle"],"acf":[],"aioseo_notices":[],"_links":{"self":[{"href":"https:\/\/noticel.com\/en\/wp-json\/wp\/v2\/posts\/28630","targetHints":{"allow":["GET"]}}],"collection":[{"href":"https:\/\/noticel.com\/en\/wp-json\/wp\/v2\/posts"}],"about":[{"href":"https:\/\/noticel.com\/en\/wp-json\/wp\/v2\/types\/post"}],"replies":[{"embeddable":true,"href":"https:\/\/noticel.com\/en\/wp-json\/wp\/v2\/comments?post=28630"}],"version-history":[{"count":1,"href":"https:\/\/noticel.com\/en\/wp-json\/wp\/v2\/posts\/28630\/revisions"}],"predecessor-version":[{"id":382370,"href":"https:\/\/noticel.com\/en\/wp-json\/wp\/v2\/posts\/28630\/revisions\/382370"}],"wp:featuredmedia":[{"embeddable":true,"href":"https:\/\/noticel.com\/en\/wp-json\/wp\/v2\/media\/382367"}],"wp:attachment":[{"href":"https:\/\/noticel.com\/en\/wp-json\/wp\/v2\/media?parent=28630"}],"wp:term":[{"taxonomy":"category","embeddable":true,"href":"https:\/\/noticel.com\/en\/wp-json\/wp\/v2\/categories?post=28630"},{"taxonomy":"post_tag","embeddable":true,"href":"https:\/\/noticel.com\/en\/wp-json\/wp\/v2\/tags?post=28630"}],"curies":[{"name":"wp","href":"https:\/\/api.w.org\/{rel}","templated":true}]}}