{"id":28620,"date":"2013-06-17T00:00:00","date_gmt":"2013-06-17T04:00:00","guid":{"rendered":"http:\/\/www.noticel.com\/ahora\/retiro\/20130617\/sombra-de-la-ley-7-tumba-demanda-por-reforma-de-retiro-documento\/"},"modified":"2025-07-15T22:10:08","modified_gmt":"2025-07-15T22:10:08","slug":"sombra-de-la-ley-7-tumba-demanda-por-reforma-de-retiro-documento","status":"publish","type":"post","link":"https:\/\/noticel.com\/en\/ultima-hora\/20130617\/sombra-de-la-ley-7-tumba-demanda-por-reforma-de-retiro-documento\/","title":{"rendered":"Sombra de la Ley 7 tumba demanda por Reforma de Retiro (documento)"},"content":{"rendered":"<p>El espacio que la mayor\u00eda de los jueces del Tribunal Supremo, nombrados por el exgobernador Luis Fortu\u00f1o, le concedi\u00f3 a la Administraci\u00f3n Fortu\u00f1o para la implantaci\u00f3n de los despidos masivos bajo la Ley 7, sirvi\u00f3 ahora de base para que una jueza del Tribunal de Primera Instancia concluyera que los cambios en la Ley de Retiro que hizo la Administraci\u00f3n Garc\u00eda Padilla son constitucionales, aunque impliquen un cambio en el compromiso contractual que el Gobierno hab\u00eda hecho con los empleados p\u00fablicos.<\/p>\n<p>En una sentencia de 45 p\u00e1ginas, notificada esta ma\u00f1ana mientras todav\u00eda las partes del pleito se est\u00e1n intercambiando mociones, la jueza Giselle Romero Garc\u00eda se aferr\u00f3 a la Exposici\u00f3n de Motivos de la Ley 3 que reform\u00f3 el Sistema de Retiro Central para reiterar que los cambios hechos a las condiciones de retiro de miles de empleados p\u00fablicos son &#8216;razonables&#8217; y que no le corresponde al tribunal decidir si hab\u00eda mejores alternativas para atender la crisis de los Sistemas de Retiro.<\/p>\n<p>El pleito, que consta de varias demandas de distintos grupos de empleados que ya suman casi 1,000 demandantes, queda listo para la revisi\u00f3n del Tribunal de Apelaciones, o directamente del Tribunal Supremo si los demandantes utilizan el recurso de certificaci\u00f3n. Este es el mismo recurso que fue usado para resolver la controversia electoral de los &#8216;pivazos&#8217;, y que fue restituido la semana pasada por el Supremo despu\u00e9s de que la Administraci\u00f3n Garc\u00eda Padilla lo limitara mediante legislaci\u00f3n en aparente intento por evitar que el Alto Foro evaluara, precisamente, esta demanda.<\/p>\n<p>&#8216;Hoy, como entonces, y a la luz de los precedentes establecidos por dicha Curia, asumimos la responsabilidad de resolver una controversia antip\u00e1tica, pero que propende al bienestar econ\u00f3mico colectivo&#8217;, dice, en referencia a la decisi\u00f3n del Supremo sobre la Ley 7, la jueza Romero, cuyo nombramiento se vence en el \u00faltimo semestre de la Administraci\u00f3n Garc\u00eda Padilla, en 2016.<\/p>\n<p>Al coraz\u00f3n de la controversia est\u00e1 la disposici\u00f3n constitucional de que no se pueden aprobar leyes que menoscaben las obligaciones contractuales, ya que los empleados sostienen que los cambios en cantidad de compensaci\u00f3n y a\u00f1os de servicio les afectan de manera dram\u00e1tica e imprevista.<\/p>\n<p>La jueza determina que los cambios a la Ley de Retiro, en efecto, constituyen un menoscabo de las obligaciones contractuales que el Estado tiene para con los empleados p\u00fablicos que est\u00e1n cobijados en el sistema de pensiones. Pero concluye que dicho cambio era &#8216;razonable&#8217; a la luz del problema econ\u00f3mico que tiene que atender el Estado y, usando expresiones del Supremo en el tambi\u00e9n controvertible caso de la adopci\u00f3n por parte de parejas gay, recurre a la posici\u00f3n de que ser\u00eda una usurpaci\u00f3n de poderes legislativos si el tribunal se metiera a escoger soluciones distintas a las que escogi\u00f3 el legislador.<\/p><div class=\"notic-content-middle\" id=\"notic-2698956518\"><div class=\"notic-adlabel\">Advertisements<\/div><a data-no-instant=\"1\" href=\"https:\/\/www.asegurate-bien.com\/\" rel=\"noopener\" class=\"a2t-link\" target=\"_blank\" aria-label=\"Acodese-Adaptaciones-Noticel-300&#215;600\"><img loading=\"lazy\" decoding=\"async\" src=\"https:\/\/cdn.noticel.com\/2026\/05\/30094652\/Acodese-Adaptaciones-Noticel-300x600-1.jpg\" alt=\"\"  srcset=\"https:\/\/cdn.noticel.com\/2026\/05\/30094652\/Acodese-Adaptaciones-Noticel-300x600-1.jpg 300w, https:\/\/cdn.noticel.com\/2026\/05\/30094652\/Acodese-Adaptaciones-Noticel-300x600-1-150x300.jpg 150w, https:\/\/cdn.noticel.com\/2026\/05\/30094652\/Acodese-Adaptaciones-Noticel-300x600-1-6x12.jpg 6w\" sizes=\"(max-width: 300px) 100vw, 300px\" width=\"300\" height=\"600\"   \/><\/a><\/div>\n<p>&#8216;La Ley 3 fue adoptada en el ejercicio de su poder de raz\u00f3n de Estado para atender la crisis de insolvencia del Sistema de Retiro y la crisis econ\u00f3mica que enfrenta el Pa\u00eds. La Legislatura, en el ejercicio de sus facultades constitucionales, entendi\u00f3 que las medidas adoptadas eran razonables y necesarias&#8230; la determinaci\u00f3n del Legislador en cuanto a la serie de medidas escogidas constituye un ejercicio de pol\u00edtica p\u00fablica, que merece la deferencia de este Tribunal, por lo que no corresponde realizar una determinaci\u00f3n de novo sobre la misma&#8217;, argument\u00f3 la jueza.<\/p>\n<p>&#8216;[La] derogaci\u00f3n (de la Ley 3) condenar\u00eda al Sistema (de Retiro) a la desaparici\u00f3n, y al cr\u00e9dito de Puerto Rico, a la degradaci\u00f3n&#8217;, concluye.<\/p>\n<p>En otro aspecto, relacionado a las leyes especiales que tambi\u00e9n fueron derogadas y que versan sobre bonos, aguinaldos, y ajustes a los pensionados, la jueza determin\u00f3 que las mismas no establecen derechos adquiridos. Es notable que en este punto la magistrada no mencion\u00f3 ni en una nota al calce el caso del Supremo en el que a los exgobernadores se les reconoci\u00f3, como un derecho adquirido, el uso de escolta y chofer.<\/p>\n<p>Adem\u00e1s, en su explicaci\u00f3n de las leyes especiales, la jueza deja pintado uno de los delitos no procesados que se han cometido contra los Sistemas de Retiro: se supone que esas leyes especiales (que cuestan $212 millones anuales) se pagaban con transferencias de dinero de las agencias hacia el Sistema, pero esas agencias no hicieron las transferencias por lo que el Sistemas las tuvo que pagar de sus propios fondos. Sin embargo, al d\u00eda de hoy no ha ocurrido un solo procesamiento criminal por transferencias que no se hicieron al Sistema, ni por retenciones hechas a los pensionados que tampoco llegaron al sistema nunca.<\/p>\n<p><a href=\"https:\/\/media.noticel.com\/o2com-noti-media-us-east-1\/document_dev\/2017\/08\/22\/Desestimaci%C3%B3n_Primera_Instancia_demanda_Reforma_de_Retiro_-_NotiCel_8119430_ver1.0.pdf\" target=\"_blank\"> Desestimaci\u00f3n Primera Instancia demanda Reforma de Retiro &#8211; NotiCel_2953<\/a><\/p>","protected":false},"excerpt":{"rendered":"<p>El espacio que la mayor\u00eda de los jueces del Tribunal Supremo, nombrados por el exgobernador Luis Fortu\u00f1o, le concedi\u00f3 a la Administraci\u00f3n Fortu\u00f1o para la implantaci\u00f3n de los despidos masivos bajo la Ley 7, sirvi\u00f3 ahora de base para que una jueza del Tribunal de Primera Instancia concluyera que los cambios en la Ley de [&hellip;]<\/p>","protected":false},"author":0,"featured_media":382416,"comment_status":"closed","ping_status":"closed","sticky":false,"template":"","format":"standard","meta":{"_acf_changed":false,"_monsterinsights_skip_tracking":false,"ep_exclude_from_search":false,"footnotes":""},"categories":[78,2],"tags":[],"class_list":["post-28620","post","type-post","status-publish","format-standard","has-post-thumbnail","hentry","category-retiro","category-ultima-hora"],"acf":[],"aioseo_notices":[],"_links":{"self":[{"href":"https:\/\/noticel.com\/en\/wp-json\/wp\/v2\/posts\/28620","targetHints":{"allow":["GET"]}}],"collection":[{"href":"https:\/\/noticel.com\/en\/wp-json\/wp\/v2\/posts"}],"about":[{"href":"https:\/\/noticel.com\/en\/wp-json\/wp\/v2\/types\/post"}],"replies":[{"embeddable":true,"href":"https:\/\/noticel.com\/en\/wp-json\/wp\/v2\/comments?post=28620"}],"version-history":[{"count":1,"href":"https:\/\/noticel.com\/en\/wp-json\/wp\/v2\/posts\/28620\/revisions"}],"predecessor-version":[{"id":382420,"href":"https:\/\/noticel.com\/en\/wp-json\/wp\/v2\/posts\/28620\/revisions\/382420"}],"wp:featuredmedia":[{"embeddable":true,"href":"https:\/\/noticel.com\/en\/wp-json\/wp\/v2\/media\/382416"}],"wp:attachment":[{"href":"https:\/\/noticel.com\/en\/wp-json\/wp\/v2\/media?parent=28620"}],"wp:term":[{"taxonomy":"category","embeddable":true,"href":"https:\/\/noticel.com\/en\/wp-json\/wp\/v2\/categories?post=28620"},{"taxonomy":"post_tag","embeddable":true,"href":"https:\/\/noticel.com\/en\/wp-json\/wp\/v2\/tags?post=28620"}],"curies":[{"name":"wp","href":"https:\/\/api.w.org\/{rel}","templated":true}]}}