{"id":28248,"date":"2011-12-19T00:00:00","date_gmt":"2011-12-19T04:00:00","guid":{"rendered":"http:\/\/www.noticel.com\/la-calle\/20111219\/evaluan-acudir-a-tribunales-por-reduccion-de-viajes-vieques-y-culebra\/"},"modified":"2025-07-15T22:51:16","modified_gmt":"2025-07-15T22:51:16","slug":"evaluan-acudir-a-tribunales-por-reduccion-de-viajes-vieques-y-culebra","status":"publish","type":"post","link":"https:\/\/noticel.com\/en\/noticias\/la-calle\/20111219\/evaluan-acudir-a-tribunales-por-reduccion-de-viajes-vieques-y-culebra\/","title":{"rendered":"Eval\u00faan acudir a tribunales por reducci\u00f3n de viajes Vieques y Culebra"},"content":{"rendered":"<p>El l\u00edder viequense de la organizaci\u00f3n Por un Mejor Transporte Mar\u00edtimo, Ricardo Boyet, amenaz\u00f3 el lunes con iniciar un proceso en los tribunales por violaci\u00f3n a los derechos civiles luego de que la Autoridad de Transporte Mar\u00edtimo anunciara la eliminaci\u00f3n de viajes a Vieques y Culebra en los d\u00edas festivos de la \u00e9poca navide\u00f1a.<\/p>\n<p>&#8216;Ya durante el fin de semana estuvimos discutiendo con Servicios Legales a ver de qu\u00e9 manera podemos llevar este casito. Si tenemos que ir a la corte vamos a ir a la corte. Entendemos que ese servicio hay que darlo. Imag\u00ednate que cerr\u00e1ramos las autopistas porque hay menos tr\u00e1fico en las navidades&#8217;, sentenci\u00f3 el l\u00edder viequense en entrevista radial (WALO).<\/p>\n<p>&#8216;El servicio de lanchas, as\u00ed sea para una persona, tiene que estar ah\u00ed porque es un servicio b\u00e1sico y necesario para el pueblo de Vieques&#8217;, agreg\u00f3.<\/p>\n<p>La ATM circul\u00f3 un itinerario sobre la reducci\u00f3n de viajes entre el puerto de Fajardo y las islas municipio de Vieques y Culebra para los d\u00edas 24, 25, 26 y 31 de diciembre de 2011 y 1, 2 y 6 de enero de 2012, aduciendo que esto fomenta la unidad familiar.<\/p>\n<p>&#8216;Lamentablemente, mira los d\u00edas que son, especialmente en esta \u00e9poca que nosotros recibimos a nuestros familiares en la Isla y algunos salimos a visitar a nuestros familiares, no vamos a contar con la transportaci\u00f3n mar\u00edtima que necesitamos&#8217;, manifest\u00f3 Boyet.<\/p>\n<p>Asimismo, se\u00f1al\u00f3 que esta medida no se hab\u00eda tomado antes, por lo que ha tomado a todos los residentes por sorpresa.<\/p>","protected":false},"excerpt":{"rendered":"<p>El l\u00edder viequense de la organizaci\u00f3n Por un Mejor Transporte Mar\u00edtimo, Ricardo Boyet, amenaz\u00f3 el lunes con iniciar un proceso en los tribunales por violaci\u00f3n a los derechos civiles luego de que la Autoridad de Transporte Mar\u00edtimo anunciara la eliminaci\u00f3n de viajes a Vieques y Culebra en los d\u00edas festivos de la \u00e9poca navide\u00f1a. &#8216;Ya [&hellip;]<\/p>","protected":false},"author":0,"featured_media":385502,"comment_status":"closed","ping_status":"closed","sticky":false,"template":"","format":"standard","meta":{"_acf_changed":false,"_monsterinsights_skip_tracking":false,"ep_exclude_from_search":false,"footnotes":""},"categories":[12],"tags":[],"class_list":["post-28248","post","type-post","status-publish","format-standard","has-post-thumbnail","hentry","category-la-calle"],"acf":[],"aioseo_notices":[],"_links":{"self":[{"href":"https:\/\/noticel.com\/en\/wp-json\/wp\/v2\/posts\/28248","targetHints":{"allow":["GET"]}}],"collection":[{"href":"https:\/\/noticel.com\/en\/wp-json\/wp\/v2\/posts"}],"about":[{"href":"https:\/\/noticel.com\/en\/wp-json\/wp\/v2\/types\/post"}],"replies":[{"embeddable":true,"href":"https:\/\/noticel.com\/en\/wp-json\/wp\/v2\/comments?post=28248"}],"version-history":[{"count":1,"href":"https:\/\/noticel.com\/en\/wp-json\/wp\/v2\/posts\/28248\/revisions"}],"predecessor-version":[{"id":385503,"href":"https:\/\/noticel.com\/en\/wp-json\/wp\/v2\/posts\/28248\/revisions\/385503"}],"wp:featuredmedia":[{"embeddable":true,"href":"https:\/\/noticel.com\/en\/wp-json\/wp\/v2\/media\/385502"}],"wp:attachment":[{"href":"https:\/\/noticel.com\/en\/wp-json\/wp\/v2\/media?parent=28248"}],"wp:term":[{"taxonomy":"category","embeddable":true,"href":"https:\/\/noticel.com\/en\/wp-json\/wp\/v2\/categories?post=28248"},{"taxonomy":"post_tag","embeddable":true,"href":"https:\/\/noticel.com\/en\/wp-json\/wp\/v2\/tags?post=28248"}],"curies":[{"name":"wp","href":"https:\/\/api.w.org\/{rel}","templated":true}]}}