{"id":27755,"date":"2015-04-21T00:00:00","date_gmt":"2015-04-21T04:00:00","guid":{"rendered":"http:\/\/www.noticel.com\/la-calle\/20150421\/arrestan-a-dos-bomberos-por-contrabando-carcelario\/"},"modified":"2025-07-15T23:39:18","modified_gmt":"2025-07-15T23:39:18","slug":"arrestan-a-dos-bomberos-por-contrabando-carcelario","status":"publish","type":"post","link":"https:\/\/noticel.com\/en\/noticias\/la-calle\/20150421\/arrestan-a-dos-bomberos-por-contrabando-carcelario\/","title":{"rendered":"Arrestan a  dos bomberos por contrabando carcelario"},"content":{"rendered":"<p>Dos bomberos fueron arrestados durante la ma\u00f1ana de hoy tras haberse encontrado causa para arresto por introducir contrabando al Complejo Correccional 308 de Bayam\u00f3n, ingresar sustancias controladas y utilizar sus puestos y equipo para beneficio personal.<\/p>\n<p>Los arrestados fueron identificados como Aneudy Col\u00f3n Dom\u00ednguez de 35 a\u00f1os y Jos\u00e9 Manuel Fajar Marrero de 40 a\u00f1os, detenidos en la Estaci\u00f3n de Bomberos de Cayey mientras realizaban sus funciones.<\/p>\n<p>La jueza Zenaida Gaud Negr\u00f3n del Tribunal de Bayam\u00f3n encontr\u00f3 causa para arresto en 11 cargos contra Col\u00f3n Dom\u00ednguez, natural de Morovis, y 5 cargos contra Fajar Marrero de Toa Baja, radicados en ausencia el pasado viernes.<\/p>\n<p>Seg\u00fan se desprende de la investigaci\u00f3n realizada por la Divisi\u00f3n para Combatir el Crimen Organizado del Departamento de Justicia (DICCO), adscrita al Negociado de Investigaciones Especiales (NIE), Col\u00f3n Dom\u00ednguez y Fajar Marrero actuaron en concierto y com\u00fan acuerdo para cometer los delitos imputados.<\/p>\n<p>Las transacciones pudieron ser detectadas gracias a la utilizaci\u00f3n de agentes encubiertos de la divisi\u00f3n de drogas del NIE.<\/p>\n<p>&#8216;Reafirmo la cero tolerancia en la entrada de contrabando a las instituciones. Durante las pasadas semanas se han estado ocupando cantidades sustanciales de material ilegal, gracias al plan de trabajo establecido. Nos dirigimos a humanizar el sistema correccional y nos encaminados a evitar y detener la entrada de contrabando. El trabajo en conjunto con las agencias de ley y orden surte resultado. Por eso se ha logrado identificar y arrestar a las personas que violen las leyes&#8217;, afirm\u00f3 el secretario interino del Departamento de Correcci\u00f3n y Rehabilitaci\u00f3n, Jos\u00e9 A. Aponte Carro.<\/p>\n<p>De ambos arrestados, se identific\u00f3 A Col\u00f3n Dom\u00ednguez como l\u00edder y se le imputa haber utilizado un veh\u00edculo oficial del Cuerpo de Bomberos para lograr acceso a la instituci\u00f3n correccional y efectuar la entrega de coca\u00edna y hero\u00edna, adem\u00e1s de un celular, en hechos reportados el 23 de octubre de 2014 y el 3 de marzo de 2015.<\/p><div class=\"notic-content-middle\" id=\"notic-342684912\"><div class=\"notic-adlabel\">Advertisements<\/div><a data-no-instant=\"1\" href=\"https:\/\/qrco.de\/bgxd5v\" rel=\"noopener\" class=\"a2t-link\" target=\"_blank\" aria-label=\"DisplayAds-300&#215;2502\"><img loading=\"lazy\" decoding=\"async\" src=\"https:\/\/cdn.noticel.com\/2026\/08\/11175813\/DisplayAds-300x2502-1.jpg\" alt=\"\"  srcset=\"https:\/\/cdn.noticel.com\/2026\/08\/11175813\/DisplayAds-300x2502-1.jpg 300w, https:\/\/cdn.noticel.com\/2026\/08\/11175813\/DisplayAds-300x2502-1-14x12.jpg 14w\" sizes=\"(max-width: 300px) 100vw, 300px\" width=\"300\" height=\"250\"   \/><\/a><\/div>\n<p>Mientras, a Fajar Marrero se le imputa haber actuado en concierto y com\u00fan acuerdo para realizar las transacciones registradas el 3 de marzo del a\u00f1o en curso.<\/p>\n<p>Contra ambos se radicaron cargos por violar el Art\u00edculo 259 del C\u00f3digo Penal (soborno agravado) y el Art\u00edculo 277 por introducir contrabando a una c\u00e1rcel. Asimismo, se presentaron cargos por violar el Art\u00edculo 4.2 (b) de la Ley 1 de \u00c9tica Gubernamental por utilizar su puesto y equipo para su beneficio.<\/p>\n<p>Tambi\u00e9n el fiscal Alberto Miranda Scmidt radic\u00f3 cargos por violar el Art\u00edculo 2 de la Ley 15, la cual penaliza la introducci\u00f3n de celulares a una instituci\u00f3n carcelaria. \u00c9stos tambi\u00e9n tendr\u00e1n que responder por violar el Art\u00edculo 406 de la Ley de Sustancias Controladas, tras intentar ingresar drogas al penal.<\/p>\n<p>Finalmente, el d\u00fao enfrenta cargos por el Art\u00edculo 3 (D) bajo la Ley 33 por crimen organizado.<\/p>\n<p>La magistrada impuso una fianza total de $425,000 contra Col\u00f3n Dom\u00ednguez y una fianza de $125,000 contra Fajar Marrero.<\/p>\n<p>De ser hallados culpables, los imputados podr\u00edan cumplir una pena fija de hasta 15 a\u00f1os de reclusi\u00f3n.<\/p>","protected":false},"excerpt":{"rendered":"<p>Dos bomberos fueron arrestados durante la ma\u00f1ana de hoy tras haberse encontrado causa para arresto por introducir contrabando al Complejo Correccional 308 de Bayam\u00f3n, ingresar sustancias controladas y utilizar sus puestos y equipo para beneficio personal. Los arrestados fueron identificados como Aneudy Col\u00f3n Dom\u00ednguez de 35 a\u00f1os y Jos\u00e9 Manuel Fajar Marrero de 40 a\u00f1os, [&hellip;]<\/p>","protected":false},"author":0,"featured_media":389091,"comment_status":"closed","ping_status":"closed","sticky":false,"template":"","format":"standard","meta":{"_acf_changed":false,"_monsterinsights_skip_tracking":false,"ep_exclude_from_search":false,"footnotes":""},"categories":[12],"tags":[],"class_list":["post-27755","post","type-post","status-publish","format-standard","has-post-thumbnail","hentry","category-la-calle"],"acf":[],"aioseo_notices":[],"_links":{"self":[{"href":"https:\/\/noticel.com\/en\/wp-json\/wp\/v2\/posts\/27755","targetHints":{"allow":["GET"]}}],"collection":[{"href":"https:\/\/noticel.com\/en\/wp-json\/wp\/v2\/posts"}],"about":[{"href":"https:\/\/noticel.com\/en\/wp-json\/wp\/v2\/types\/post"}],"replies":[{"embeddable":true,"href":"https:\/\/noticel.com\/en\/wp-json\/wp\/v2\/comments?post=27755"}],"version-history":[{"count":1,"href":"https:\/\/noticel.com\/en\/wp-json\/wp\/v2\/posts\/27755\/revisions"}],"predecessor-version":[{"id":389094,"href":"https:\/\/noticel.com\/en\/wp-json\/wp\/v2\/posts\/27755\/revisions\/389094"}],"wp:featuredmedia":[{"embeddable":true,"href":"https:\/\/noticel.com\/en\/wp-json\/wp\/v2\/media\/389091"}],"wp:attachment":[{"href":"https:\/\/noticel.com\/en\/wp-json\/wp\/v2\/media?parent=27755"}],"wp:term":[{"taxonomy":"category","embeddable":true,"href":"https:\/\/noticel.com\/en\/wp-json\/wp\/v2\/categories?post=27755"},{"taxonomy":"post_tag","embeddable":true,"href":"https:\/\/noticel.com\/en\/wp-json\/wp\/v2\/tags?post=27755"}],"curies":[{"name":"wp","href":"https:\/\/api.w.org\/{rel}","templated":true}]}}