{"id":26871,"date":"2018-08-23T00:00:00","date_gmt":"2018-08-23T04:00:00","guid":{"rendered":"http:\/\/www.noticel.com\/cine\/pop\/20180823\/festival-de-marvel-llegara-a-puerto-rico\/"},"modified":"2025-07-16T01:18:26","modified_gmt":"2025-07-16T01:18:26","slug":"festival-de-marvel-llegara-a-puerto-rico","status":"publish","type":"post","link":"https:\/\/noticel.com\/en\/entretenimiento\/cine\/20180823\/festival-de-marvel-llegara-a-puerto-rico\/","title":{"rendered":"Festival de Marvel llegar\u00e1 a Puerto Rico"},"content":{"rendered":"<p><i>El 30 de agosto podr\u00e1s revivir todas las pel\u00edculas<\/i><\/p>\n<p>Los Vengadores no se olvidaron de Puerto Rico, y el festival de cine celebrando los diez a\u00f1os de pel\u00edculas de Marvel llegar\u00e1 a la sala IMAX de Caribbean Cinemas en Montehiedra.<\/p>\n<p>El festival le dara la oportunidad a viejos y nuevos fan\u00e1ticos de la saga de los &#8216;Avengers&#8217; a ver la veintena de pel\u00edculas que desembocar\u00e1n el a\u00f1o que viene con la secuela de Avengers: Infinity Wars.<\/p>\n<p>El festival de Marvel se llevar\u00e1 a cabo desde el 30 de agosto hasta el 5 de septiembre y comenzar\u00e1 con la pel\u00edcula pionera de la saga, Iron Man.<\/p>\n<p>Las taquillas para el festival estar\u00e1n a $8.50 por pel\u00edcula, con una oferta especial donde las personas pueden comprar tres taquillas para distintas pel\u00edculas y podr\u00e1n ver una gratis. Las personas no tienen que ver las tres pel\u00edculas en un mismo d\u00eda y podr\u00e1n determinar cu\u00e1l pel\u00edcula quieren gratuitamente.<\/p>\n<p>Los fan\u00e1ticos del cine 3D tambien tendr\u00e1n la oportunidad de ver algunas de estas tandas en esa modalidad por el mismo precio de $8.50.<\/p>\n<p>Aunque las taquillas se pueden comprar por internet, para poder gozar de la oferta especial deber\u00e1n hacer la transacci\u00f3n en el mismo cine de Montehiedra.<\/p>\n<p>A continuaci\u00f3n te presentamos el itinerario de las pel\u00edculas compartido por Caribbean Cinemas.<\/p>\n<p><img decoding=\"async\" embed-content-articleid=\"785362256\" embed-content-groupid=\"593030471\" embed-content-id=\"785362256\" embed-content-imgalign=\"none\" embed-content-index=\"0\" embed-content-location=\"input_story-body\" embed-content-type=\"PHOTO\" src=\"https:\/\/media.noticel.com\/o2com-noti-media-us-east-1\/photo\/2018\/08\/23\/M10AFF_Web-Schedule_1080x1350_EDIT-740x1024_1535060879772_12911515_ver1.0_640_360.jpg\" style=\"width:100%;\"\/><\/p>","protected":false},"excerpt":{"rendered":"<p>El 30 de agosto podr\u00e1s revivir todas las pel\u00edculas Los Vengadores no se olvidaron de Puerto Rico, y el festival de cine celebrando los diez a\u00f1os de pel\u00edculas de Marvel llegar\u00e1 a la sala IMAX de Caribbean Cinemas en Montehiedra. El festival le dara la oportunidad a viejos y nuevos fan\u00e1ticos de la saga de [&hellip;]<\/p>","protected":false},"author":0,"featured_media":396208,"comment_status":"closed","ping_status":"closed","sticky":false,"template":"","format":"standard","meta":{"_acf_changed":false,"_monsterinsights_skip_tracking":false,"ep_exclude_from_search":false,"footnotes":""},"categories":[55],"tags":[],"class_list":["post-26871","post","type-post","status-publish","format-standard","has-post-thumbnail","hentry","category-cine"],"acf":[],"aioseo_notices":[],"_links":{"self":[{"href":"https:\/\/noticel.com\/en\/wp-json\/wp\/v2\/posts\/26871","targetHints":{"allow":["GET"]}}],"collection":[{"href":"https:\/\/noticel.com\/en\/wp-json\/wp\/v2\/posts"}],"about":[{"href":"https:\/\/noticel.com\/en\/wp-json\/wp\/v2\/types\/post"}],"replies":[{"embeddable":true,"href":"https:\/\/noticel.com\/en\/wp-json\/wp\/v2\/comments?post=26871"}],"version-history":[{"count":1,"href":"https:\/\/noticel.com\/en\/wp-json\/wp\/v2\/posts\/26871\/revisions"}],"predecessor-version":[{"id":396211,"href":"https:\/\/noticel.com\/en\/wp-json\/wp\/v2\/posts\/26871\/revisions\/396211"}],"wp:featuredmedia":[{"embeddable":true,"href":"https:\/\/noticel.com\/en\/wp-json\/wp\/v2\/media\/396208"}],"wp:attachment":[{"href":"https:\/\/noticel.com\/en\/wp-json\/wp\/v2\/media?parent=26871"}],"wp:term":[{"taxonomy":"category","embeddable":true,"href":"https:\/\/noticel.com\/en\/wp-json\/wp\/v2\/categories?post=26871"},{"taxonomy":"post_tag","embeddable":true,"href":"https:\/\/noticel.com\/en\/wp-json\/wp\/v2\/tags?post=26871"}],"curies":[{"name":"wp","href":"https:\/\/api.w.org\/{rel}","templated":true}]}}