{"id":26138,"date":"2017-08-18T00:00:00","date_gmt":"2017-08-18T04:00:00","guid":{"rendered":"http:\/\/www.noticel.com\/mundo\/20170818\/policia-evita-segundo-ataque-terrorista-en-espana\/"},"modified":"2025-07-16T02:29:52","modified_gmt":"2025-07-16T02:29:52","slug":"policia-evita-segundo-ataque-terrorista-en-espana","status":"publish","type":"post","link":"https:\/\/noticel.com\/en\/noticias\/mundo\/20170818\/policia-evita-segundo-ataque-terrorista-en-espana\/","title":{"rendered":"Polic\u00eda evita segundo ataque terrorista en Espa\u00f1a"},"content":{"rendered":"<p>Las autoridades en Espa\u00f1a lograron evitar un segundo ataque terrorista en Tarragona, Espa\u00f1a.<\/p>\n<p>Los autores del acto intentaron llevar a cabo un ataque similar al que horas antes se desat\u00f3 en Barcelona.<\/p>\n<p>De acuerdo al <a href=\"https:\/\/twitter.com\/mossos\">Twitter oficial de la Polic\u00eda de Catalu\u00f1a<\/a>, los agentes lograron interceptar a cinco presuntos terroristas en un coche.<\/p>\n<p>Hasta el momento se han reportado cinco civiles heridos. De igual forma uno de los agentes de la Polic\u00eda fue herido levemente.<\/p><div class=\"notic-content-middle\" id=\"notic-3305882602\"><div class=\"notic-adlabel\">Advertisements<\/div><a data-no-instant=\"1\" href=\"https:\/\/qrco.de\/bgxd5v\" rel=\"noopener\" class=\"a2t-link\" target=\"_blank\" aria-label=\"300X600-SEBUSCA3\"><img loading=\"lazy\" decoding=\"async\" src=\"https:\/\/cdn.noticel.com\/2026\/09\/02194515\/300X600-SEBUSCA3.jpg\" alt=\"\"  srcset=\"https:\/\/cdn.noticel.com\/2026\/09\/02194515\/300X600-SEBUSCA3.jpg 300w, https:\/\/cdn.noticel.com\/2026\/09\/02194515\/300X600-SEBUSCA3-150x300.jpg 150w, https:\/\/cdn.noticel.com\/2026\/09\/02194515\/300X600-SEBUSCA3-6x12.jpg 6w\" sizes=\"(max-width: 300px) 100vw, 300px\" width=\"300\" height=\"600\"   \/><\/a><\/div>\n<p>Por otro lado, cuatro de los sospechosos fueron abatidos por la Polic\u00eda y uno fue detenido.<\/p>\n<p>Aunque en el momento los oficiales no se acercaron al coche por miedo a que los atacantes portaran cinturones de bomba, laT\u00e9cnico Especialista en Desactivaci\u00f3n de Artefactos Explosivos (TEDAX) trabaja en estos momentos para llegar a esa determinaci\u00f3n.<\/p>\n<p>Puede seguir la cuenta de la Polic\u00eda catalana aqu\u00ed:<\/p>\n<p><a class=\"twitter-timeline\" data-height=\"500\" data-width=\"300\" href=\"https:\/\/twitter.com\/mossos\">Tweets by mossos<\/a><\/p>","protected":false},"excerpt":{"rendered":"<p>Las autoridades en Espa\u00f1a lograron evitar un segundo ataque terrorista en Tarragona, Espa\u00f1a. Los autores del acto intentaron llevar a cabo un ataque similar al que horas antes se desat\u00f3 en Barcelona. De acuerdo al Twitter oficial de la Polic\u00eda de Catalu\u00f1a, los agentes lograron interceptar a cinco presuntos terroristas en un coche. Hasta el [&hellip;]<\/p>","protected":false},"author":0,"featured_media":401372,"comment_status":"closed","ping_status":"closed","sticky":false,"template":"","format":"standard","meta":{"_acf_changed":false,"_monsterinsights_skip_tracking":false,"ep_exclude_from_search":false,"footnotes":""},"categories":[17],"tags":[],"class_list":["post-26138","post","type-post","status-publish","format-standard","has-post-thumbnail","hentry","category-mundo"],"acf":[],"aioseo_notices":[],"_links":{"self":[{"href":"https:\/\/noticel.com\/en\/wp-json\/wp\/v2\/posts\/26138","targetHints":{"allow":["GET"]}}],"collection":[{"href":"https:\/\/noticel.com\/en\/wp-json\/wp\/v2\/posts"}],"about":[{"href":"https:\/\/noticel.com\/en\/wp-json\/wp\/v2\/types\/post"}],"replies":[{"embeddable":true,"href":"https:\/\/noticel.com\/en\/wp-json\/wp\/v2\/comments?post=26138"}],"version-history":[{"count":1,"href":"https:\/\/noticel.com\/en\/wp-json\/wp\/v2\/posts\/26138\/revisions"}],"predecessor-version":[{"id":401373,"href":"https:\/\/noticel.com\/en\/wp-json\/wp\/v2\/posts\/26138\/revisions\/401373"}],"wp:featuredmedia":[{"embeddable":true,"href":"https:\/\/noticel.com\/en\/wp-json\/wp\/v2\/media\/401372"}],"wp:attachment":[{"href":"https:\/\/noticel.com\/en\/wp-json\/wp\/v2\/media?parent=26138"}],"wp:term":[{"taxonomy":"category","embeddable":true,"href":"https:\/\/noticel.com\/en\/wp-json\/wp\/v2\/categories?post=26138"},{"taxonomy":"post_tag","embeddable":true,"href":"https:\/\/noticel.com\/en\/wp-json\/wp\/v2\/tags?post=26138"}],"curies":[{"name":"wp","href":"https:\/\/api.w.org\/{rel}","templated":true}]}}