{"id":25169,"date":"2012-05-17T00:00:00","date_gmt":"2012-05-17T04:00:00","guid":{"rendered":"http:\/\/www.noticel.com\/la-calle\/20120517\/pesado-en-principales-expresos\/"},"modified":"2025-07-16T04:18:09","modified_gmt":"2025-07-16T04:18:09","slug":"pesado-en-principales-expresos","status":"publish","type":"post","link":"https:\/\/noticel.com\/en\/noticias\/la-calle\/20120517\/pesado-en-principales-expresos\/","title":{"rendered":"Pesado en principales expresos"},"content":{"rendered":"<p>Pesado en expresos Las Am\u00e9ricas, en direcci\u00f3n a Caguas, Baldorioty De Castro, en direcci\u00f3n de San Juan a Carolina, Kennedy, en direcci\u00f3n de San Juan a Bayam\u00f3n, Mtez Nadal en direccion de Guaynabo a Caguas, y De Diego, desde San Juan a Toa Baja.<\/p>\n<p>Bastante tr\u00e1nsito en Ramal 8 y Ruta 66, y lento en la autopista Luis A Ferr\u00e9, \u00e1rea de Montehiedra, en direcci\u00f3n a Caguas y en carreteras #1 desde Rio Piedras a Caguas, #30 desde Caguas hacia Gurabo, y #2, Carr #165, Carr #167 en Bayam\u00f3n.<\/p>\n<p>Sigue investigaci\u00f3n del accidente leve en carretera #2, \u00e1rea del Tuque, en direcci\u00f3n a Pe\u00f1uelas.<\/p><div class=\"notic-content-middle\" id=\"notic-2663016862\"><div class=\"notic-adlabel\">Advertisements<\/div><a data-no-instant=\"1\" href=\"https:\/\/www.asegurate-bien.com\/\" rel=\"noopener\" class=\"a2t-link\" target=\"_blank\" aria-label=\"Acodese-Adaptaciones-Noticel-970&#215;250\"><img loading=\"lazy\" decoding=\"async\" src=\"https:\/\/cdn.noticel.com\/2026\/05\/30100504\/Acodese-Adaptaciones-Noticel-970x250-1.jpg\" alt=\"\"  srcset=\"https:\/\/cdn.noticel.com\/2026\/05\/30100504\/Acodese-Adaptaciones-Noticel-970x250-1.jpg 970w, https:\/\/cdn.noticel.com\/2026\/05\/30100504\/Acodese-Adaptaciones-Noticel-970x250-1-300x77.jpg 300w, https:\/\/cdn.noticel.com\/2026\/05\/30100504\/Acodese-Adaptaciones-Noticel-970x250-1-768x198.jpg 768w, https:\/\/cdn.noticel.com\/2026\/05\/30100504\/Acodese-Adaptaciones-Noticel-970x250-1-18x5.jpg 18w\" sizes=\"(max-width: 970px) 100vw, 970px\" width=\"970\" height=\"250\"   \/><\/a><\/div>\n<p>Pavimento mojado en \u00c1rea Oeste, Norte, algunos tramos del \u00c1rea Metropolitana, y \u00c1rea Central de la Isla. Se reporta disponible un solo carril disponible carretera #2, km 120.1 de Aguadilla, en ambas direcciones por inundaciones.<\/p>\n<p>Neblina en la zona central monta\u00f1osa.<\/p>","protected":false},"excerpt":{"rendered":"<p>Pesado en expresos Las Am\u00e9ricas, en direcci\u00f3n a Caguas, Baldorioty De Castro, en direcci\u00f3n de San Juan a Carolina, Kennedy, en direcci\u00f3n de San Juan a Bayam\u00f3n, Mtez Nadal en direccion de Guaynabo a Caguas, y De Diego, desde San Juan a Toa Baja. Bastante tr\u00e1nsito en Ramal 8 y Ruta 66, y lento en [&hellip;]<\/p>","protected":false},"author":0,"featured_media":408481,"comment_status":"closed","ping_status":"closed","sticky":false,"template":"","format":"standard","meta":{"_acf_changed":false,"_monsterinsights_skip_tracking":false,"ep_exclude_from_search":false,"footnotes":""},"categories":[12],"tags":[],"class_list":["post-25169","post","type-post","status-publish","format-standard","has-post-thumbnail","hentry","category-la-calle"],"acf":[],"aioseo_notices":[],"_links":{"self":[{"href":"https:\/\/noticel.com\/en\/wp-json\/wp\/v2\/posts\/25169","targetHints":{"allow":["GET"]}}],"collection":[{"href":"https:\/\/noticel.com\/en\/wp-json\/wp\/v2\/posts"}],"about":[{"href":"https:\/\/noticel.com\/en\/wp-json\/wp\/v2\/types\/post"}],"replies":[{"embeddable":true,"href":"https:\/\/noticel.com\/en\/wp-json\/wp\/v2\/comments?post=25169"}],"version-history":[{"count":1,"href":"https:\/\/noticel.com\/en\/wp-json\/wp\/v2\/posts\/25169\/revisions"}],"predecessor-version":[{"id":408483,"href":"https:\/\/noticel.com\/en\/wp-json\/wp\/v2\/posts\/25169\/revisions\/408483"}],"wp:featuredmedia":[{"embeddable":true,"href":"https:\/\/noticel.com\/en\/wp-json\/wp\/v2\/media\/408481"}],"wp:attachment":[{"href":"https:\/\/noticel.com\/en\/wp-json\/wp\/v2\/media?parent=25169"}],"wp:term":[{"taxonomy":"category","embeddable":true,"href":"https:\/\/noticel.com\/en\/wp-json\/wp\/v2\/categories?post=25169"},{"taxonomy":"post_tag","embeddable":true,"href":"https:\/\/noticel.com\/en\/wp-json\/wp\/v2\/tags?post=25169"}],"curies":[{"name":"wp","href":"https:\/\/api.w.org\/{rel}","templated":true}]}}