{"id":24289,"date":"2014-09-17T00:00:00","date_gmt":"2014-09-17T04:00:00","guid":{"rendered":"http:\/\/www.noticel.com\/economia\/20140917\/mayaguez-celebra-foro-sobre-industrias-creativas\/"},"modified":"2025-07-16T06:07:15","modified_gmt":"2025-07-16T06:07:15","slug":"mayaguez-celebra-foro-sobre-industrias-creativas","status":"publish","type":"post","link":"https:\/\/noticel.com\/en\/economia\/20140917\/mayaguez-celebra-foro-sobre-industrias-creativas\/","title":{"rendered":"Mayag\u00fcez celebra foro sobre industrias creativas"},"content":{"rendered":"<p>Expertos de las industrias creativas de Brasil, Colombia, Espa\u00f1a y Argentina compartieron con profesionales del \u00e1rea Oeste este martes durante el primer Foro Internacional de Industrias Creativas en el municipio aut\u00f3nomo de Mayag\u00fcez.<\/p>\n<p>El Foro surge como parte de los eventos adoptados por la Sultana del Oeste, designada Capital Americana de la Cultura 2015, y en el cual participaron en el foro Ana Carla Fonseca de Brasil, Jorge Melguizo de Colombia, F\u00e9lix Manito de Espa\u00f1a, y Alejandro Casta\u00f1\u00e9 de Argentina, conferenciantes con amplio conocimiento en el campo.<\/p>\n<p>&#8216;Para el Municipio de Mayag\u00fcez y nuestro alcalde, Jos\u00e9 Guillermo Rodr\u00edguez, es un honor respaldar este foro de Industrias Creativas, uno de los compromisos program\u00e1ticos de nuestra administraci\u00f3n. Como parte de las m\u00faltiples actividades programadas en torno a Mayag\u00fcez, Puerto Rico Capital Americana de la Cultura 2015, continuaremos fomentando la discusi\u00f3n de temas de inter\u00e9s cultural, econ\u00f3mico y social&#8217;, expres\u00f3 el vicealcalde de la ciudad anfitriona, Heriberto Acevedo.<\/p><div class=\"notic-content-middle\" id=\"notic-476988982\"><div class=\"notic-adlabel\">Advertisements<\/div><a data-no-instant=\"1\" href=\"https:\/\/www.asegurate-bien.com\/\" rel=\"noopener\" class=\"a2t-link\" target=\"_blank\" aria-label=\"Acodese-Adaptaciones-Noticel-970&#215;90\"><img loading=\"lazy\" decoding=\"async\" src=\"https:\/\/cdn.noticel.com\/2026\/07\/30100146\/Acodese-Adaptaciones-Noticel-970x90-1.jpg\" alt=\"\"  srcset=\"https:\/\/cdn.noticel.com\/2026\/07\/30100146\/Acodese-Adaptaciones-Noticel-970x90-1.jpg 970w, https:\/\/cdn.noticel.com\/2026\/07\/30100146\/Acodese-Adaptaciones-Noticel-970x90-1-300x28.jpg 300w, https:\/\/cdn.noticel.com\/2026\/07\/30100146\/Acodese-Adaptaciones-Noticel-970x90-1-768x71.jpg 768w, https:\/\/cdn.noticel.com\/2026\/07\/30100146\/Acodese-Adaptaciones-Noticel-970x90-1-18x2.jpg 18w\" sizes=\"(max-width: 970px) 100vw, 970px\" width=\"970\" height=\"90\"   \/><\/a><\/div>\n<p>De otro lado, la representaci\u00f3n local en el tema de incubadoras estuvo a cargo del director ejecutivo del Corredor Tecno Econ\u00f3mico de Puerto Rico, Nelson Perea, el director ejecutivo de Brighwood Development Group, Luis Valderrama, la presidenta de Incubadora de Industrias Creativas, Silvia Aguil\u00f3, y el coordinador de Fomento Empresarial de Mayag\u00fcez, Eduardo Urbina.<\/p>\n<p>Otros temas que provocaron discusi\u00f3n en el foro fueron la Educaci\u00f3n Creativa en Mayag\u00fcez: Cine, Dise\u00f1o y Gastronom\u00eda, La Ciudad y Cultura en Mayag\u00fcez, y El Panorama Internacional logrando sinergia entre el modelo de las Industrias Creativas.<\/p>","protected":false},"excerpt":{"rendered":"<p>Expertos de las industrias creativas de Brasil, Colombia, Espa\u00f1a y Argentina compartieron con profesionales del \u00e1rea Oeste este martes durante el primer Foro Internacional de Industrias Creativas en el municipio aut\u00f3nomo de Mayag\u00fcez. El Foro surge como parte de los eventos adoptados por la Sultana del Oeste, designada Capital Americana de la Cultura 2015, y [&hellip;]<\/p>","protected":false},"author":0,"featured_media":415224,"comment_status":"closed","ping_status":"closed","sticky":false,"template":"","format":"standard","meta":{"_acf_changed":false,"_monsterinsights_skip_tracking":false,"ep_exclude_from_search":false,"footnotes":""},"categories":[22],"tags":[],"class_list":["post-24289","post","type-post","status-publish","format-standard","has-post-thumbnail","hentry","category-economia"],"acf":[],"aioseo_notices":[],"_links":{"self":[{"href":"https:\/\/noticel.com\/en\/wp-json\/wp\/v2\/posts\/24289","targetHints":{"allow":["GET"]}}],"collection":[{"href":"https:\/\/noticel.com\/en\/wp-json\/wp\/v2\/posts"}],"about":[{"href":"https:\/\/noticel.com\/en\/wp-json\/wp\/v2\/types\/post"}],"replies":[{"embeddable":true,"href":"https:\/\/noticel.com\/en\/wp-json\/wp\/v2\/comments?post=24289"}],"version-history":[{"count":1,"href":"https:\/\/noticel.com\/en\/wp-json\/wp\/v2\/posts\/24289\/revisions"}],"predecessor-version":[{"id":415226,"href":"https:\/\/noticel.com\/en\/wp-json\/wp\/v2\/posts\/24289\/revisions\/415226"}],"wp:featuredmedia":[{"embeddable":true,"href":"https:\/\/noticel.com\/en\/wp-json\/wp\/v2\/media\/415224"}],"wp:attachment":[{"href":"https:\/\/noticel.com\/en\/wp-json\/wp\/v2\/media?parent=24289"}],"wp:term":[{"taxonomy":"category","embeddable":true,"href":"https:\/\/noticel.com\/en\/wp-json\/wp\/v2\/categories?post=24289"},{"taxonomy":"post_tag","embeddable":true,"href":"https:\/\/noticel.com\/en\/wp-json\/wp\/v2\/tags?post=24289"}],"curies":[{"name":"wp","href":"https:\/\/api.w.org\/{rel}","templated":true}]}}