{"id":23312,"date":"2015-10-15T00:00:00","date_gmt":"2015-10-15T04:00:00","guid":{"rendered":"http:\/\/www.noticel.com\/ahora\/20151015\/senado-aprueba-reforma-educativa-sin-debate\/"},"modified":"2025-07-16T08:05:54","modified_gmt":"2025-07-16T08:05:54","slug":"senado-aprueba-reforma-educativa-sin-debate","status":"publish","type":"post","link":"https:\/\/noticel.com\/en\/ultima-hora\/20151015\/senado-aprueba-reforma-educativa-sin-debate\/","title":{"rendered":"Senado aprueba reforma educativa sin debate"},"content":{"rendered":"<p>El Senado de Puerto Rico aprob\u00f3 el jueves el proyecto del Senado 1456 para reformar el sistema de instrucci\u00f3n p\u00fablica a viva voz con el grito de oposici\u00f3n de un grupo de maestros en el hemiciclo.<\/p>\n<p>El voto se hizo luego de que el senador Mart\u00edn Vargas Morales solicitara la Regla 46, conocida como la previa, lo que hace que el proyecto baje a votaci\u00f3n sin debate previo. La previa se aprob\u00f3 en votaci\u00f3n 11 a 7.<\/p>\n<p>Luego de la aprobaci\u00f3n, los senadores de minor\u00eda tanto del Partido Nuevo Progresista (PNP) como del Partido Independentista Puertorrique\u00f1o (PIP) pidieron un voto explicativo en contra. Los senadores populares Antonio Fas Alzamora y Cirilo Tirado tambi\u00e9n pidieron un voto explicativo en contra.<\/p>\n<p>Cuando Eva Ayala, l\u00edder de Educamos, comenz\u00f3 junto a otros maestros a llamar a los senadores por su nombre dici\u00e9ndoles que estaban a tiempo para votar en contra, Bhatia tom\u00f3 el mallete y llam\u00f3 al silencio: &#8216;S\u00ed, habla, pueblo, habla, pero todo tiene un momento, todo tiene un lugar. Yo no vengo al sal\u00f3n de clases a gritar cuando ustedes est\u00e1n ense\u00f1ando, pues no vengan a gritar cuando nosotros&#8230;&#8217;. La parte final de su mensaje se torn\u00f3 inaudible por el bullicio cuando ped\u00eda silencio para que los senadores pudieran hacer sus votos en representaci\u00f3n de la ciudadan\u00eda que los eligi\u00f3.<\/p>\n<p>El magisterio presente estaba no solo decepcionado con la decisi\u00f3n, sino que tambi\u00e9n hab\u00eda estadoejerciendo presi\u00f3n a los legisladores indic\u00e1ndoles que todo aquel o aquella que votara a favor, recibir\u00eda un voto en contra del gremio en las elecciones de 2016. Un grupo de cinco a diez mujeres, algunas con camisas de la Federaci\u00f3n de Maestros, permanecieron en las gradas gritando estribillos.<\/p>\n<p>Mientras, la presidenta de la Asociaci\u00f3n de Maestros, Aida D\u00edaz, tild\u00f3 la aprobaci\u00f3n de una traici\u00f3n. &#8216;Acaban de hacerle la traici\u00f3n m\u00e1s grande que puede hac\u00e9rsele al pueblo de Puerto Rico: vender su educaci\u00f3n&#8217;, reaccion\u00f3 en declaraciones a la prensa. A\u00f1adi\u00f3 que tienen un grupo de cabilderos del magisterio en la C\u00e1mara de Representantes.<\/p>\n<p>En una conferencia de prensa posterior, el presidente del Senado, Eduardo Bhatia, expres\u00f3 que era &#8216;un d\u00eda de gran alegr\u00eda&#8217; aunque su cara denotaba cansancio y cierta insatisfacci\u00f3n. Entonces explic\u00f3: &#8216;la escuela p\u00fablica sigue siendo p\u00fablica, pero es una escuela p\u00fablica fortalecida&#8217;.<\/p><div class=\"notic-content-middle\" id=\"notic-3780662366\"><div class=\"notic-adlabel\">Advertisements<\/div><a data-no-instant=\"1\" href=\"https:\/\/qrco.de\/bgxd5v\" rel=\"noopener\" class=\"a2t-link\" target=\"_blank\" aria-label=\"DisplayAds-970&#215;2502\"><img loading=\"lazy\" decoding=\"async\" src=\"https:\/\/cdn.noticel.com\/2026\/09\/02200838\/DisplayAds-970x2502-1.jpg\" alt=\"\"  srcset=\"https:\/\/cdn.noticel.com\/2026\/09\/02200838\/DisplayAds-970x2502-1.jpg 970w, https:\/\/cdn.noticel.com\/2026\/09\/02200838\/DisplayAds-970x2502-1-300x77.jpg 300w, https:\/\/cdn.noticel.com\/2026\/09\/02200838\/DisplayAds-970x2502-1-768x198.jpg 768w, https:\/\/cdn.noticel.com\/2026\/09\/02200838\/DisplayAds-970x2502-1-18x5.jpg 18w\" sizes=\"(max-width: 970px) 100vw, 970px\" width=\"970\" height=\"250\"   \/><\/a><\/div>\n<p>Bhatia ofreci\u00f3 sus declaraciones en la sala de Prensa del Senado de lado a los senadores An\u00edbal Jos\u00e9 Torres, Jos\u00e9 Nadal Power, Jos\u00e9 Luis Dalmau, Maritere Gonz\u00e1lez, Miguel Pereira y Rossana L\u00f3pez, a quienes agradeci\u00f3 por su colaboraci\u00f3n como parte de la Comisi\u00f3n Especial para la Transformaci\u00f3n de la Educaci\u00f3n P\u00fablica.<\/p>\n<p>Los senadores Carmelo R\u00edos, Lary Seilhamer y Margarita Nolasco, del Partido Nuevo Progresista (PNP) tambi\u00e9n cedieron su voto a favor del proyecto que ahora pasa a vistas p\u00fablicas de la C\u00e1mara de Representantes. &#8216;Fueron 18 senadores, lo que significa que fueron dos terceras partes de ese cuerpo. Es un voto contundente&#8217;, expres\u00f3 Bhatia con conformidad.<\/p>\n<p>&#8216;Lamento mucho que el debate no haya sucedido&#8230; Curiosamente, cuando la se\u00f1ora Ayala y el se\u00f1or (Emilio) Nieves (quien forma parte de \u00danete) hablaron ante el Senado, nunca se les interrumpi\u00f3 y algunos hablaron por espacio de dos horas&#8230; Nunca. Nunca se les interrumpi\u00f3&#8230; El respeto tiene que ser mutuo&#8217;, reiter\u00f3 el Presidente senatorial al asegurar que los senadores hab\u00edan preparado sus ponencias para un amplio debate tanto en contra como a favor.<\/p>\n<p>Pese a la manera atropellada en que se llev\u00f3 la votaci\u00f3n, &#8216;hoy ganaron los ni\u00f1os de Puerto Rico&#8217;, termin\u00f3 diciendo Bhatia, quien minutos antes fue tildado de &#8216;enemigo de la escuela p\u00fablica&#8217;.<\/p>\n<p>Para conocer los cambios m\u00e1s significativosque propone el P.S. 1456 (en su versi\u00f3n original, sin enmiendas), <a href=\"https:\/\/noticel.com\/en\/noticia\/181970\/los-siete-cambios-mas-significativos-que-propone-bhatia.html\/\" target=\"_blank\">pulse aqu\u00ed.<\/a><\/p>\n<p>Repase cu\u00e1l fue la postura del Secretario de Educaci\u00f3n, <a href=\"https:\/\/noticel.com\/en\/noticia\/182052\/roman-maniatado-por-aval-de-justicia-a-reforma-educativa-documento.html\/\" target=\"_blank\">aqu\u00ed<\/a>.<\/p>\n<p>Y vea la entrevista que le realiz\u00f3 NotiCel a Bhatia, <a href=\"https:\/\/noticel.com\/en\/noticia\/180822\/bhatia-y-su-empuje-educativo-no-estoy-dispuesto-a-seguir-esperando.html\/\" target=\"_blank\">ac\u00e1<\/a>.<\/p>","protected":false},"excerpt":{"rendered":"<p>El Senado de Puerto Rico aprob\u00f3 el jueves el proyecto del Senado 1456 para reformar el sistema de instrucci\u00f3n p\u00fablica a viva voz con el grito de oposici\u00f3n de un grupo de maestros en el hemiciclo. El voto se hizo luego de que el senador Mart\u00edn Vargas Morales solicitara la Regla 46, conocida como la [&hellip;]<\/p>","protected":false},"author":0,"featured_media":422724,"comment_status":"closed","ping_status":"closed","sticky":false,"template":"","format":"standard","meta":{"_acf_changed":false,"_monsterinsights_skip_tracking":false,"ep_exclude_from_search":false,"footnotes":""},"categories":[2],"tags":[],"class_list":["post-23312","post","type-post","status-publish","format-standard","has-post-thumbnail","hentry","category-ultima-hora"],"acf":[],"aioseo_notices":[],"_links":{"self":[{"href":"https:\/\/noticel.com\/en\/wp-json\/wp\/v2\/posts\/23312","targetHints":{"allow":["GET"]}}],"collection":[{"href":"https:\/\/noticel.com\/en\/wp-json\/wp\/v2\/posts"}],"about":[{"href":"https:\/\/noticel.com\/en\/wp-json\/wp\/v2\/types\/post"}],"replies":[{"embeddable":true,"href":"https:\/\/noticel.com\/en\/wp-json\/wp\/v2\/comments?post=23312"}],"version-history":[{"count":1,"href":"https:\/\/noticel.com\/en\/wp-json\/wp\/v2\/posts\/23312\/revisions"}],"predecessor-version":[{"id":422725,"href":"https:\/\/noticel.com\/en\/wp-json\/wp\/v2\/posts\/23312\/revisions\/422725"}],"wp:featuredmedia":[{"embeddable":true,"href":"https:\/\/noticel.com\/en\/wp-json\/wp\/v2\/media\/422724"}],"wp:attachment":[{"href":"https:\/\/noticel.com\/en\/wp-json\/wp\/v2\/media?parent=23312"}],"wp:term":[{"taxonomy":"category","embeddable":true,"href":"https:\/\/noticel.com\/en\/wp-json\/wp\/v2\/categories?post=23312"},{"taxonomy":"post_tag","embeddable":true,"href":"https:\/\/noticel.com\/en\/wp-json\/wp\/v2\/tags?post=23312"}],"curies":[{"name":"wp","href":"https:\/\/api.w.org\/{rel}","templated":true}]}}