{"id":22852,"date":"2018-05-09T00:00:00","date_gmt":"2018-05-09T04:00:00","guid":{"rendered":"http:\/\/www.noticel.com\/deportes\/20180509\/vilmarie-mojica-dona-su-cabello-a-pacientes-de-cancer\/"},"modified":"2025-07-16T08:54:47","modified_gmt":"2025-07-16T08:54:47","slug":"vilmarie-mojica-dona-su-cabello-a-pacientes-de-cancer","status":"publish","type":"post","link":"https:\/\/noticel.com\/en\/deportes\/20180509\/vilmarie-mojica-dona-su-cabello-a-pacientes-de-cancer\/","title":{"rendered":"Vilmarie Mojica dona su cabello a pacientes de c\u00e1ncer"},"content":{"rendered":"<p><i>Se trata de una colaboraci\u00f3n con Pantene.<\/i><\/p>\n<p>Una generosa donaci\u00f3n a niveles ol\u00edmpicos. La estelar colocadora Vilmarie Mojica, don\u00f3 hoy parte de su cabellera para la creaci\u00f3n de pelucas a beneficios de mujeres pacientes c\u00e1ncer.<\/p>\n<p>Un total de nueve pulgadas y medias fue el corte que se le realiz\u00f3 a la voleibolista, quien no lo pens\u00f3 dos veces para ser la nueva portavoz del programa &#8216;Beautiful Lengths&#8217; de Pantene en colaboraci\u00f3n con la Sociedad Americana Contra el C\u00e1ncer.<\/p>\n<p>&#8216;Estoy bien contenta de poder transmitirle fortaleza con este gesto a esas mujeres que lo necesitan&#8217;, expres\u00f3 Mojica, quien estuvo acompa\u00f1ada de su madre y su hija peque\u00f1a Valeria Victoria, de cinco meses de nacida.<\/p>\n<p>Los dos mo\u00f1os de cabello ser\u00edan parte de alguna cabellera que utilizar\u00e1n feminas que atraviesan la enfermedad y pierden su cabello debido a los tratamientos. Se necesitan de ocho a 12 mo\u00f1os para elaborar una peluca y estas est\u00e1n valoradas en los $800.<\/p>\n<p>La exacomodadora de la Selecci\u00f3n Nacional de Voleibol record\u00f3 que su t\u00eda Nidia y abuela Lidia son sobrevivientes de c\u00e1ncer de seno, por lo que tomar esta decisi\u00f3n tiene un significado que la trastoca.<\/p><div class=\"notic-content-middle\" id=\"notic-1885894953\"><div class=\"notic-adlabel\">Advertisements<\/div><a data-no-instant=\"1\" href=\"https:\/\/www.cst.pr.gov\/\" rel=\"noopener\" class=\"a2t-link\" target=\"_blank\" aria-label=\"300&#215;600\"><img loading=\"lazy\" decoding=\"async\" src=\"https:\/\/cdn.noticel.com\/2026\/09\/02203205\/300x600-1.jpg\" alt=\"\"  srcset=\"https:\/\/cdn.noticel.com\/2026\/09\/02203205\/300x600-1.jpg 300w, https:\/\/cdn.noticel.com\/2026\/09\/02203205\/300x600-1-150x300.jpg 150w, https:\/\/cdn.noticel.com\/2026\/09\/02203205\/300x600-1-6x12.jpg 6w\" sizes=\"(max-width: 300px) 100vw, 300px\" width=\"300\" height=\"600\"   \/><\/a><\/div>\n<p>&#8216;Tengo que llevar un buen mensaje. No estar\u00eda mal en futuro seguir apoyando campa\u00f1as as\u00ed que lleven un mensaje positivo. Se que hay mucha gente que me sigue y tengo que dar el ejemplo&#8217;, a\u00f1adi\u00f3 previo a confesar entre risas el total apoyo de su esposo y exgimnasta, Tommy Ramos para la donaci\u00f3n.<\/p>\n<p>Con esto, tambien desea que su peque\u00f1a vea lo que realiz\u00f3 su mam\u00e1 y hasta se solidarice con este tipo de campa\u00f1a y dem\u00e1s.<\/p>\n<p>De igual forma se reinaugur\u00f3 el Sal\u00f3n de Pelucas del &#8216;Hope Lodge&#8217; de la Sociedad Americana Contra el C\u00e1ncer en Hato Rey. Fue all\u00ed donde se hizo el corte.<\/p>\n<p>Por los pasados nueve a\u00f1os, el programa &#8216;Beautiful Lengths&#8217; ha recolectado cerca de 17,000 mo\u00f1os y ha otorgado 850 pelucas de cabello natural de mujeres.<\/p>\n<p>Durante la conferencia de prensa estuvo Mar\u00eda Ines Aponte, quien fue recipiente de una de las pelucas de Pantene. Adem\u00e1s de Mojica y Aponte, la actividad cont\u00f3 con la presencia de la doctora Lilian Santos, principal ejecutiva de la Sociedad Americana Contra el C\u00e1ncer y Anelsie Ramos, gerente de comunicaciones de Procter &amp; Gamble Puerto Rico.<\/p>","protected":false},"excerpt":{"rendered":"<p>Se trata de una colaboraci\u00f3n con Pantene. Una generosa donaci\u00f3n a niveles ol\u00edmpicos. La estelar colocadora Vilmarie Mojica, don\u00f3 hoy parte de su cabellera para la creaci\u00f3n de pelucas a beneficios de mujeres pacientes c\u00e1ncer. Un total de nueve pulgadas y medias fue el corte que se le realiz\u00f3 a la voleibolista, quien no lo [&hellip;]<\/p>","protected":false},"author":0,"featured_media":426334,"comment_status":"closed","ping_status":"closed","sticky":false,"template":"","format":"standard","meta":{"_acf_changed":false,"_monsterinsights_skip_tracking":false,"ep_exclude_from_search":false,"footnotes":""},"categories":[31],"tags":[],"class_list":["post-22852","post","type-post","status-publish","format-standard","has-post-thumbnail","hentry","category-deportes"],"acf":[],"aioseo_notices":[],"_links":{"self":[{"href":"https:\/\/noticel.com\/en\/wp-json\/wp\/v2\/posts\/22852","targetHints":{"allow":["GET"]}}],"collection":[{"href":"https:\/\/noticel.com\/en\/wp-json\/wp\/v2\/posts"}],"about":[{"href":"https:\/\/noticel.com\/en\/wp-json\/wp\/v2\/types\/post"}],"replies":[{"embeddable":true,"href":"https:\/\/noticel.com\/en\/wp-json\/wp\/v2\/comments?post=22852"}],"version-history":[{"count":1,"href":"https:\/\/noticel.com\/en\/wp-json\/wp\/v2\/posts\/22852\/revisions"}],"predecessor-version":[{"id":426336,"href":"https:\/\/noticel.com\/en\/wp-json\/wp\/v2\/posts\/22852\/revisions\/426336"}],"wp:featuredmedia":[{"embeddable":true,"href":"https:\/\/noticel.com\/en\/wp-json\/wp\/v2\/media\/426334"}],"wp:attachment":[{"href":"https:\/\/noticel.com\/en\/wp-json\/wp\/v2\/media?parent=22852"}],"wp:term":[{"taxonomy":"category","embeddable":true,"href":"https:\/\/noticel.com\/en\/wp-json\/wp\/v2\/categories?post=22852"},{"taxonomy":"post_tag","embeddable":true,"href":"https:\/\/noticel.com\/en\/wp-json\/wp\/v2\/tags?post=22852"}],"curies":[{"name":"wp","href":"https:\/\/api.w.org\/{rel}","templated":true}]}}