{"id":22654,"date":"2018-05-23T00:00:00","date_gmt":"2018-05-23T04:00:00","guid":{"rendered":"http:\/\/www.noticel.com\/el-tiempo\/huracanes\/pop\/20180523\/donaran-recaudos-de-venta-de-libro-para-reconstruir-viviendas-en-pr\/"},"modified":"2025-07-16T09:15:47","modified_gmt":"2025-07-16T09:15:47","slug":"donaran-recaudos-de-venta-de-libro-para-reconstruir-viviendas-en-pr","status":"publish","type":"post","link":"https:\/\/noticel.com\/en\/el-tiempo\/20180523\/donaran-recaudos-de-venta-de-libro-para-reconstruir-viviendas-en-pr\/","title":{"rendered":"Donar\u00e1n recaudos de venta de libro para reconstruir viviendas en PR"},"content":{"rendered":"<p><i>Una firma de arquitectura.<\/i><\/p>\n<p>Con el fin de donar el dinero recaudado para la reconstrucci\u00f3n de viviendas tras el paso del hurac\u00e1n Mar\u00eda por la isla, la firma de arquitectura \u00c1lvarez-D\u00edaz &amp; Villal\u00f3n Architecture &amp; Interior Design (AD&amp;V) y Habitat for Humanity of Puerto Rico, se unieron para celebrar la presentaci\u00f3n y venta del libro &#8216;Lugares con Prop\u00f3sito&#8217; ma\u00f1ana jueves en el Museo de Arte Contempor\u00e1neo que ubica en la Avenida Ponce de Leon en Santurce.<\/p>\n<p>&#8216;Tenemos una responsabilidad con la reconstrucci\u00f3n de Puerto Rico, devastado por el hurac\u00e1n Mar\u00eda; pero tambien con nuestra profesi\u00f3n, que fue lacerada por la recesi\u00f3n econ\u00f3mica&#8217;, expuso el arquitecto Ricardo \u00c1lvarez-D\u00edaz, quien destac\u00f3 que la mayor necesidad incluye reemplazo de techos a miles de casas que a\u00fan contin\u00faan sin recibir la atenci\u00f3n necesitada.<\/p>\n<p>Seg\u00fan se detall\u00f3 en declaraciones escritas, el libro documenta el valioso portafolio de los esposos Ricardo \u00c1lvarez-D\u00edaz (arquitecto) y Cristina Villal\u00f3n (dise\u00f1adora de interiores), en un viaje gr\u00e1fico de 15 a\u00f1os por algunas de sus obras en Nueva York, Dub\u00e1i, Abu-Dabi, Miami, San Diego, Rep\u00fablica Dominicana, Venezuela y Puerto Rico.<\/p>\n<p>La gira para presentar el libro a beneficio de la reconstrucci\u00f3n de las m\u00e1s de 70,000 viviendas que quedaron inhabitables en la isla, contin\u00faa en junio en Nueva York, en agosto en Los \u00c1ngeles, California y concluir\u00e1 en Santo Domingo, Rep\u00fablica Dominicana.<\/p>\n<p>&#8216;Nos sentimos sumamente agradecidos por la generosidad y el apoyo de la firma \u00c1lvarez-D\u00edaz &amp; Villal\u00f3n\u00ae al trabajo de Habitat for Humanity of Puerto Rico. Por l\u00edderes c\u00edvicos como ellos, estamos confiados en que juntos podemos ayudar a reconstruir Puerto Rico y servir a los m\u00e1s afectados&#8217;, coment\u00f3 Desiree Bartosiak, directora de directora de Habitat Hammers Back y Habitat for Humanity International.<\/p>\n<p><b> <\/b><\/p>","protected":false},"excerpt":{"rendered":"<p>Una firma de arquitectura. Con el fin de donar el dinero recaudado para la reconstrucci\u00f3n de viviendas tras el paso del hurac\u00e1n Mar\u00eda por la isla, la firma de arquitectura \u00c1lvarez-D\u00edaz &amp; Villal\u00f3n Architecture &amp; Interior Design (AD&amp;V) y Habitat for Humanity of Puerto Rico, se unieron para celebrar la presentaci\u00f3n y venta del libro [&hellip;]<\/p>","protected":false},"author":0,"featured_media":427782,"comment_status":"closed","ping_status":"closed","sticky":false,"template":"","format":"standard","meta":{"_acf_changed":false,"_monsterinsights_skip_tracking":false,"ep_exclude_from_search":false,"footnotes":""},"categories":[18,19],"tags":[],"class_list":["post-22654","post","type-post","status-publish","format-standard","has-post-thumbnail","hentry","category-el-tiempo","category-huracanes"],"acf":[],"aioseo_notices":[],"_links":{"self":[{"href":"https:\/\/noticel.com\/en\/wp-json\/wp\/v2\/posts\/22654","targetHints":{"allow":["GET"]}}],"collection":[{"href":"https:\/\/noticel.com\/en\/wp-json\/wp\/v2\/posts"}],"about":[{"href":"https:\/\/noticel.com\/en\/wp-json\/wp\/v2\/types\/post"}],"replies":[{"embeddable":true,"href":"https:\/\/noticel.com\/en\/wp-json\/wp\/v2\/comments?post=22654"}],"version-history":[{"count":1,"href":"https:\/\/noticel.com\/en\/wp-json\/wp\/v2\/posts\/22654\/revisions"}],"predecessor-version":[{"id":427784,"href":"https:\/\/noticel.com\/en\/wp-json\/wp\/v2\/posts\/22654\/revisions\/427784"}],"wp:featuredmedia":[{"embeddable":true,"href":"https:\/\/noticel.com\/en\/wp-json\/wp\/v2\/media\/427782"}],"wp:attachment":[{"href":"https:\/\/noticel.com\/en\/wp-json\/wp\/v2\/media?parent=22654"}],"wp:term":[{"taxonomy":"category","embeddable":true,"href":"https:\/\/noticel.com\/en\/wp-json\/wp\/v2\/categories?post=22654"},{"taxonomy":"post_tag","embeddable":true,"href":"https:\/\/noticel.com\/en\/wp-json\/wp\/v2\/tags?post=22654"}],"curies":[{"name":"wp","href":"https:\/\/api.w.org\/{rel}","templated":true}]}}