{"id":22392,"date":"2011-09-30T00:00:00","date_gmt":"2011-09-30T04:00:00","guid":{"rendered":"http:\/\/www.noticel.com\/economia\/20110930\/justicia-local-en-contra-de-fusion-t-mobile-y-att\/"},"modified":"2025-07-16T09:52:09","modified_gmt":"2025-07-16T09:52:09","slug":"justicia-local-en-contra-de-fusion-t-mobile-y-att","status":"publish","type":"post","link":"https:\/\/noticel.com\/en\/economia\/20110930\/justicia-local-en-contra-de-fusion-t-mobile-y-att\/","title":{"rendered":"Justicia local en contra de fusi\u00f3n T-Mobile y AT&amp;T"},"content":{"rendered":"<p>El Departamento de Justicia de Puerto Rico se unir\u00e1 a la demanda presentada por el Departamento de Justicia federal en oposici\u00f3n a la adquisici\u00f3n de T-Mobile por parte AT&lt;&gt;&lt;&gt;&lt;&gt;&lt;&gt;&lt;&gt;&lt;&gt;&amp; T, anunci\u00f3 esta tarde el secretario de Justicia, Guillermo Somoza Colmbani.\/ppEl prop\u00f3sito de unirse al pleito es &#8216;fomentar el desarrollo econ\u00f3mico, la competencia justa y los avances tecnol\u00f3gicos&#8217;, dijo el funcionario en un comunicado de prensa donde explic\u00f3 que la demanda enmendada se present\u00f3 hoy en el Tribunal Federal de Distrito en Washington, D.C. y la misma alega que la transacci\u00f3n propuesta resultar\u00eda en una violaci\u00f3n de las leyes antimonopolios.\/p<\/p>\n<p>p&#8217;Mediante esta acci\u00f3n, el Departamento de Justicia de Puerto Rico busca asegurarse de salvaguardar los beneficios que brinda un mercado competitivo a los consumidores puertorrique\u00f1os. Tal y como est\u00e1 propuesta la transacci\u00f3n, la misma resultar\u00eda en una disminuci\u00f3n sustancial de la competencia en el mercado geogr\u00e1fico relevante de servicios de telecomunicaciones m\u00f3vil, tanto en Puerto Rico, como en el resto de la naci\u00f3n&#8217;, sostuvo Somoza.\/p<\/p>\n<p>pT-Mobile, subsidiaria de Deutsche Telekom, es la cuarta compa\u00f1\u00eda de telefon\u00eda en todo Estados Unidos y la tercera en Puerto Rico. La adquisici\u00f3n de esta compa\u00f1\u00eda por parte de AT&lt;&gt;&lt;&gt;&lt;&gt;&lt;&gt;&lt;&gt;T, representar\u00eda la desaparici\u00f3n de esta alternativa para los consumidores, indica Justicia.\/p<\/p>\n<p>pDe esta manera, Puerto Rico se une a otros siete estados que forman parte de la demanda federal. \u00c9stos son New York, Washington, California, Massachusetts, Ohio, Pennsylvania e Illinois.\/p<\/p>\n<p>pLa investigaci\u00f3n local fue realizada por el secretario auxiliar de la Oficina de Asuntos Monopol\u00edsticos, licenciando Jos\u00e9 G. D\u00edaz Tejera y la licenciada Nathalia Ramos-Mart\u00ednez, de la misma oficina que adem\u00e1s cont\u00f3 con el peritaje de Junta Reglamentadora de las Telecomunicaciones de Puerto Rico.\/p<\/p>","protected":false},"excerpt":{"rendered":"<p>El Departamento de Justicia de Puerto Rico se unir\u00e1 a la demanda presentada por el Departamento de Justicia federal en oposici\u00f3n a la adquisici\u00f3n de T-Mobile por parte AT&lt;&gt;&lt;&gt;&lt;&gt;&lt;&gt;&lt;&gt;&lt;&gt;&amp; T, anunci\u00f3 esta tarde el secretario de Justicia, Guillermo Somoza Colmbani.\/ppEl prop\u00f3sito de unirse al pleito es &#8216;fomentar el desarrollo econ\u00f3mico, la competencia justa y los [&hellip;]<\/p>","protected":false},"author":0,"featured_media":429990,"comment_status":"closed","ping_status":"closed","sticky":false,"template":"","format":"standard","meta":{"_acf_changed":false,"_monsterinsights_skip_tracking":false,"ep_exclude_from_search":false,"footnotes":""},"categories":[22],"tags":[],"class_list":["post-22392","post","type-post","status-publish","format-standard","has-post-thumbnail","hentry","category-economia"],"acf":[],"aioseo_notices":[],"_links":{"self":[{"href":"https:\/\/noticel.com\/en\/wp-json\/wp\/v2\/posts\/22392","targetHints":{"allow":["GET"]}}],"collection":[{"href":"https:\/\/noticel.com\/en\/wp-json\/wp\/v2\/posts"}],"about":[{"href":"https:\/\/noticel.com\/en\/wp-json\/wp\/v2\/types\/post"}],"replies":[{"embeddable":true,"href":"https:\/\/noticel.com\/en\/wp-json\/wp\/v2\/comments?post=22392"}],"version-history":[{"count":1,"href":"https:\/\/noticel.com\/en\/wp-json\/wp\/v2\/posts\/22392\/revisions"}],"predecessor-version":[{"id":429992,"href":"https:\/\/noticel.com\/en\/wp-json\/wp\/v2\/posts\/22392\/revisions\/429992"}],"wp:featuredmedia":[{"embeddable":true,"href":"https:\/\/noticel.com\/en\/wp-json\/wp\/v2\/media\/429990"}],"wp:attachment":[{"href":"https:\/\/noticel.com\/en\/wp-json\/wp\/v2\/media?parent=22392"}],"wp:term":[{"taxonomy":"category","embeddable":true,"href":"https:\/\/noticel.com\/en\/wp-json\/wp\/v2\/categories?post=22392"},{"taxonomy":"post_tag","embeddable":true,"href":"https:\/\/noticel.com\/en\/wp-json\/wp\/v2\/tags?post=22392"}],"curies":[{"name":"wp","href":"https:\/\/api.w.org\/{rel}","templated":true}]}}