{"id":22076,"date":"2018-05-16T00:00:00","date_gmt":"2018-05-16T04:00:00","guid":{"rendered":"http:\/\/www.noticel.com\/ahora\/legislatura\/20180516\/vargas-vidot-asegura-milagro-en-su-hijo\/"},"modified":"2025-07-16T10:20:57","modified_gmt":"2025-07-16T10:20:57","slug":"vargas-vidot-asegura-milagro-en-su-hijo","status":"publish","type":"post","link":"https:\/\/noticel.com\/en\/ultima-hora\/20180516\/vargas-vidot-asegura-milagro-en-su-hijo\/","title":{"rendered":"Vargas Vidot asegura &#8216;milagro&#8217; en su hijo"},"content":{"rendered":"<p><i>Tras revelar que estaba enfermo.<\/i><\/p>\n<p>Luego de que el senador independiente, Jose Vargas Vidot revelara que su hijo Jean Vargas, se encontraba en intensivo y estaba siendo intervenido de emergencia, hoy, miercoles, sostuvo que ha visto &#8216;un milagro&#8217; en la salud de su primogenito.<\/p>\n<p>As\u00ed lo inform\u00f3 a traves de una emisora radial (WKAQ 580), donde tambien agradeci\u00f3 las muestras de apoyo que ha recibido.<\/p>\n<p>&#8216;Mi hijo ha sido el blanco de un milagro&#8230; Soy un pap\u00e1 agradecido por esos buenos pensamientos y esas oraciones&#8217;, mencion\u00f3 a la vez que expuso que tras 22 transfusiones de sangre, su hijo de 36 a\u00f1os ya ha logrado pararse y caminar.<\/p><div class=\"notic-content-middle\" id=\"notic-357275855\"><div class=\"notic-adlabel\">Advertisements<\/div><a data-no-instant=\"1\" href=\"https:\/\/www.asegurate-bien.com\/\" rel=\"noopener\" class=\"a2t-link\" target=\"_blank\" aria-label=\"Acodese-Adaptaciones-Noticel-300&#215;600\"><img loading=\"lazy\" decoding=\"async\" src=\"https:\/\/cdn.noticel.com\/2026\/05\/30094652\/Acodese-Adaptaciones-Noticel-300x600-1.jpg\" alt=\"\"  srcset=\"https:\/\/cdn.noticel.com\/2026\/05\/30094652\/Acodese-Adaptaciones-Noticel-300x600-1.jpg 300w, https:\/\/cdn.noticel.com\/2026\/05\/30094652\/Acodese-Adaptaciones-Noticel-300x600-1-150x300.jpg 150w, https:\/\/cdn.noticel.com\/2026\/05\/30094652\/Acodese-Adaptaciones-Noticel-300x600-1-6x12.jpg 6w\" sizes=\"(max-width: 300px) 100vw, 300px\" width=\"300\" height=\"600\"   \/><\/a><\/div>\n<p>Lee tambien: <a href=\"https:\/\/noticel.com\/en\/ahora\/legislatura\/se-enferma-el-hijo-de-vargas-vidot\/739875664\/\">Se enferma el hijo de Vargas Vidot <\/a><\/p>\n<p>Al momento, el joven sigue en intensivo, sin embargo, el Legislador mencion\u00f3 que nada pone en riesgo su vida.<\/p>\n<p>El pasado 8 de mayo, el Senador hab\u00eda solicitado oraci\u00f3n por Jean.<\/p>\n<p>&#8216;Sufriendo la fragilidad de esta existencia. Hoy y ahora con la mayor humildad pero urgencia les pido la oraci\u00f3n y sus ruegos por la salud de mi amado hijo Jean que se encuentra en intensivo con una condici\u00f3n seria y de cuidado&#8217;, public\u00f3 Vargas Vidot en sus redes sociales.<\/p>","protected":false},"excerpt":{"rendered":"<p>Tras revelar que estaba enfermo. Luego de que el senador independiente, Jose Vargas Vidot revelara que su hijo Jean Vargas, se encontraba en intensivo y estaba siendo intervenido de emergencia, hoy, miercoles, sostuvo que ha visto &#8216;un milagro&#8217; en la salud de su primogenito. As\u00ed lo inform\u00f3 a traves de una emisora radial (WKAQ 580), [&hellip;]<\/p>","protected":false},"author":0,"featured_media":432001,"comment_status":"closed","ping_status":"closed","sticky":false,"template":"","format":"standard","meta":{"_acf_changed":false,"_monsterinsights_skip_tracking":false,"ep_exclude_from_search":false,"footnotes":""},"categories":[5,2],"tags":[],"class_list":["post-22076","post","type-post","status-publish","format-standard","has-post-thumbnail","hentry","category-legislatura","category-ultima-hora"],"acf":[],"aioseo_notices":[],"_links":{"self":[{"href":"https:\/\/noticel.com\/en\/wp-json\/wp\/v2\/posts\/22076","targetHints":{"allow":["GET"]}}],"collection":[{"href":"https:\/\/noticel.com\/en\/wp-json\/wp\/v2\/posts"}],"about":[{"href":"https:\/\/noticel.com\/en\/wp-json\/wp\/v2\/types\/post"}],"replies":[{"embeddable":true,"href":"https:\/\/noticel.com\/en\/wp-json\/wp\/v2\/comments?post=22076"}],"version-history":[{"count":1,"href":"https:\/\/noticel.com\/en\/wp-json\/wp\/v2\/posts\/22076\/revisions"}],"predecessor-version":[{"id":432003,"href":"https:\/\/noticel.com\/en\/wp-json\/wp\/v2\/posts\/22076\/revisions\/432003"}],"wp:featuredmedia":[{"embeddable":true,"href":"https:\/\/noticel.com\/en\/wp-json\/wp\/v2\/media\/432001"}],"wp:attachment":[{"href":"https:\/\/noticel.com\/en\/wp-json\/wp\/v2\/media?parent=22076"}],"wp:term":[{"taxonomy":"category","embeddable":true,"href":"https:\/\/noticel.com\/en\/wp-json\/wp\/v2\/categories?post=22076"},{"taxonomy":"post_tag","embeddable":true,"href":"https:\/\/noticel.com\/en\/wp-json\/wp\/v2\/tags?post=22076"}],"curies":[{"name":"wp","href":"https:\/\/api.w.org\/{rel}","templated":true}]}}