{"id":21958,"date":"2014-08-13T00:00:00","date_gmt":"2014-08-13T04:00:00","guid":{"rendered":"http:\/\/www.noticel.com\/ahora\/20140813\/agp-firma-enmiendas-para-reforzar-carta-de-derechos-de-envejecientes\/"},"modified":"2025-07-16T10:32:18","modified_gmt":"2025-07-16T10:32:18","slug":"agp-firma-enmiendas-para-reforzar-carta-de-derechos-de-envejecientes","status":"publish","type":"post","link":"https:\/\/noticel.com\/en\/ultima-hora\/20140813\/agp-firma-enmiendas-para-reforzar-carta-de-derechos-de-envejecientes\/","title":{"rendered":"AGP firma enmiendas para reforzar Carta de Derechos de envejecientes"},"content":{"rendered":"<p>La Carta de Derechos de las Personas de Edad Avanzada y el C\u00f3digo Penal recibieron unas enmiendas tras la firma este miercoles del gobernador Alejandro Garc\u00eda Padilla.<\/p>\n<p>De ahora en adelante queda establecida la responsabilidad y coordinaci\u00f3n efectiva entre agencias gubernamentales en situaciones de maltrato, as\u00ed mismo a\u00f1ade nuevas definiciones sobre esta negligente conducta, tras la aprobaci\u00f3n del proyecto del Senado 585 de la autor\u00eda de la senadora Rossana L\u00f3pez.<\/p>\n<p>&#8216;Hoy es un d\u00eda hist\u00f3rico para las personas de edad avanzada porque, nuestra administraci\u00f3n se reafirma en el fortalecimiento de leyes que los protegen. Hemos visto c\u00f3mo las formas de maltrato han ido evolucionando y en ese sentido, nosotros como gobierno, tenemos que hacer lo propio para garantizar la calidad de vida de este vulnerable grupo poblacional&#8217;, afirm\u00f3L\u00f3pez en un comunicado de prensa.<\/p><div class=\"notic-content-middle\" id=\"notic-2340126987\"><div class=\"notic-adlabel\">Advertisements<\/div><a data-no-instant=\"1\" href=\"https:\/\/qrco.de\/bgxd5v\" rel=\"noopener\" class=\"a2t-link\" target=\"_blank\" aria-label=\"DisplayAds-300&#215;250\"><img loading=\"lazy\" decoding=\"async\" src=\"https:\/\/cdn.noticel.com\/2026\/09\/02200431\/DisplayAds-300x250-1.jpg\" alt=\"\"  srcset=\"https:\/\/cdn.noticel.com\/2026\/09\/02200431\/DisplayAds-300x250-1.jpg 300w, https:\/\/cdn.noticel.com\/2026\/09\/02200431\/DisplayAds-300x250-1-14x12.jpg 14w\" sizes=\"(max-width: 300px) 100vw, 300px\" width=\"300\" height=\"250\"   \/><\/a><\/div>\n<p>Entre las nuevas disposiciones la Carta de Derechos de Personas de Edad Avanzada, el Art\u00edculo 6.1 reza que cualquier persona de edad avanzada que haya sido v\u00edctima de cualquier tipo de maltrato, seg\u00fan descrito en la Ley, podr\u00e1 radicar por s\u00ed, por conducto de su representante legal o un agente del orden p\u00fablico una orden de protecci\u00f3n en el tribunal, sin que sea necesaria la radicaci\u00f3n previa de una denuncia o acusaci\u00f3n. As\u00ed mismo, esta acci\u00f3n le prohibe al maltratante disponer en cualquier forma de los bienes de la parte peticionaria.<\/p>\n<p>Adem\u00e1s, las enmiendas incluyen una que dispone la coordinaci\u00f3n interagencial con cada uno de los pasos a seguir por una agencia en el proceso de atender alg\u00fan caso de maltrato de personas de edad avanzada.<\/p>\n<p>Finalmente, fue a\u00f1adido en el C\u00f3digo Penal el Art\u00edculo 127-A de la Ley 146-2012 para indicar que toda persona que, cometa abuso f\u00edsico, emocional, financiero, agresi\u00f3n, robo, apropiaci\u00f3n ilegal, amenaza, fraude, o violaci\u00f3n, contra una persona de edad avanzada, caus\u00e1ndole da\u00f1o o exponi\u00e9ndole al riesgo de sufrir da\u00f1o a su salud, su bienestar, o sus bienes, ser\u00e1 sancionada con pena de reclusi\u00f3n por un t\u00e9rmino fijo de 10 a\u00f1os.<\/p>","protected":false},"excerpt":{"rendered":"<p>La Carta de Derechos de las Personas de Edad Avanzada y el C\u00f3digo Penal recibieron unas enmiendas tras la firma este miercoles del gobernador Alejandro Garc\u00eda Padilla. De ahora en adelante queda establecida la responsabilidad y coordinaci\u00f3n efectiva entre agencias gubernamentales en situaciones de maltrato, as\u00ed mismo a\u00f1ade nuevas definiciones sobre esta negligente conducta, tras [&hellip;]<\/p>","protected":false},"author":0,"featured_media":432913,"comment_status":"closed","ping_status":"closed","sticky":false,"template":"","format":"standard","meta":{"_acf_changed":false,"_monsterinsights_skip_tracking":false,"ep_exclude_from_search":false,"footnotes":""},"categories":[2],"tags":[],"class_list":["post-21958","post","type-post","status-publish","format-standard","has-post-thumbnail","hentry","category-ultima-hora"],"acf":[],"aioseo_notices":[],"_links":{"self":[{"href":"https:\/\/noticel.com\/en\/wp-json\/wp\/v2\/posts\/21958","targetHints":{"allow":["GET"]}}],"collection":[{"href":"https:\/\/noticel.com\/en\/wp-json\/wp\/v2\/posts"}],"about":[{"href":"https:\/\/noticel.com\/en\/wp-json\/wp\/v2\/types\/post"}],"replies":[{"embeddable":true,"href":"https:\/\/noticel.com\/en\/wp-json\/wp\/v2\/comments?post=21958"}],"version-history":[{"count":1,"href":"https:\/\/noticel.com\/en\/wp-json\/wp\/v2\/posts\/21958\/revisions"}],"predecessor-version":[{"id":432916,"href":"https:\/\/noticel.com\/en\/wp-json\/wp\/v2\/posts\/21958\/revisions\/432916"}],"wp:featuredmedia":[{"embeddable":true,"href":"https:\/\/noticel.com\/en\/wp-json\/wp\/v2\/media\/432913"}],"wp:attachment":[{"href":"https:\/\/noticel.com\/en\/wp-json\/wp\/v2\/media?parent=21958"}],"wp:term":[{"taxonomy":"category","embeddable":true,"href":"https:\/\/noticel.com\/en\/wp-json\/wp\/v2\/categories?post=21958"},{"taxonomy":"post_tag","embeddable":true,"href":"https:\/\/noticel.com\/en\/wp-json\/wp\/v2\/tags?post=21958"}],"curies":[{"name":"wp","href":"https:\/\/api.w.org\/{rel}","templated":true}]}}