{"id":210448,"date":"2024-10-13T09:38:18","date_gmt":"2024-10-13T13:38:18","guid":{"rendered":"https:\/\/www.noticel.com\/la-calle\/policiacas\/top-stories\/20241013\/asesinan-a-hombre-en-cidra\/"},"modified":"2025-07-11T11:20:38","modified_gmt":"2025-07-11T11:20:38","slug":"asesinan-a-hombre-en-cidra","status":"publish","type":"post","link":"https:\/\/noticel.com\/en\/noticias\/la-calle\/20241013\/asesinan-a-hombre-en-cidra\/","title":{"rendered":"Asesinan a hombre en Cidra"},"content":{"rendered":"<h3>El cuerpo del individuo fue encontrado baleado esta ma\u00f1ana en el Barrio Montellanos.<\/h3>\n<p>CIDRA \u2014  Una muerte violenta fue reportada a eso de las 6:15 de ma\u00f1ana del domingo,  en la carretera PR-173, kil\u00f3metro 3.7, sector Ortiz del Barrio Montellanos, en Cidra.<\/p>\n<p>Seg\u00fan la informaci\u00f3n preliminar, se recibi\u00f3 una llamada a trav\u00e9s del Sistema de Emergencias 9-1-1, sobre una situaci\u00f3n sospechosa.<\/p><div class=\"notic-content-middle\" id=\"notic-759546921\"><div class=\"notic-adlabel\">Advertisements<\/div><a data-no-instant=\"1\" href=\"https:\/\/qrco.de\/bgxd5v\" rel=\"noopener\" class=\"a2t-link\" target=\"_blank\" aria-label=\"DisplayAd-970&#215;90\"><img loading=\"lazy\" decoding=\"async\" src=\"https:\/\/cdn.noticel.com\/2026\/09\/02195840\/DisplayAd-970x90-1.jpg\" alt=\"\"  srcset=\"https:\/\/cdn.noticel.com\/2026\/09\/02195840\/DisplayAd-970x90-1.jpg 970w, https:\/\/cdn.noticel.com\/2026\/09\/02195840\/DisplayAd-970x90-1-300x28.jpg 300w, https:\/\/cdn.noticel.com\/2026\/09\/02195840\/DisplayAd-970x90-1-768x71.jpg 768w, https:\/\/cdn.noticel.com\/2026\/09\/02195840\/DisplayAd-970x90-1-18x2.jpg 18w\" sizes=\"(max-width: 970px) 100vw, 970px\" width=\"970\" height=\"90\"   \/><\/a><\/div>\n<p>Al llegar los agentes al lugar, encontraron a un hombre herido de bala que fue transportado al Hospital Menonita de Cidra, donde se certific\u00f3 su muerte.<\/p>\n<p>Agentes adscritos a la Divisi\u00f3n de Homicidios del Cuerpo de Investigaciones Criminales de Caguas investigan.<\/p>","protected":false},"excerpt":{"rendered":"<p>El cuerpo del individuo fue encontrado baleado esta ma\u00f1ana en el Barrio Montellanos. CIDRA \u2014 Una muerte violenta fue reportada a eso de las 6:15 de ma\u00f1ana del domingo, en la carretera PR-173, kil\u00f3metro 3.7, sector Ortiz del Barrio Montellanos, en Cidra. Seg\u00fan la informaci\u00f3n preliminar, se recibi\u00f3 una llamada a trav\u00e9s del Sistema de [&hellip;]<\/p>","protected":false},"author":0,"featured_media":223534,"comment_status":"closed","ping_status":"closed","sticky":false,"template":"","format":"standard","meta":{"_acf_changed":false,"_monsterinsights_skip_tracking":false,"ep_exclude_from_search":false,"footnotes":""},"categories":[12,15],"tags":[],"class_list":["post-210448","post","type-post","status-publish","format-standard","has-post-thumbnail","hentry","category-la-calle","category-policiacas"],"acf":[],"aioseo_notices":[],"_links":{"self":[{"href":"https:\/\/noticel.com\/en\/wp-json\/wp\/v2\/posts\/210448","targetHints":{"allow":["GET"]}}],"collection":[{"href":"https:\/\/noticel.com\/en\/wp-json\/wp\/v2\/posts"}],"about":[{"href":"https:\/\/noticel.com\/en\/wp-json\/wp\/v2\/types\/post"}],"replies":[{"embeddable":true,"href":"https:\/\/noticel.com\/en\/wp-json\/wp\/v2\/comments?post=210448"}],"version-history":[{"count":1,"href":"https:\/\/noticel.com\/en\/wp-json\/wp\/v2\/posts\/210448\/revisions"}],"predecessor-version":[{"id":223535,"href":"https:\/\/noticel.com\/en\/wp-json\/wp\/v2\/posts\/210448\/revisions\/223535"}],"wp:featuredmedia":[{"embeddable":true,"href":"https:\/\/noticel.com\/en\/wp-json\/wp\/v2\/media\/223534"}],"wp:attachment":[{"href":"https:\/\/noticel.com\/en\/wp-json\/wp\/v2\/media?parent=210448"}],"wp:term":[{"taxonomy":"category","embeddable":true,"href":"https:\/\/noticel.com\/en\/wp-json\/wp\/v2\/categories?post=210448"},{"taxonomy":"post_tag","embeddable":true,"href":"https:\/\/noticel.com\/en\/wp-json\/wp\/v2\/tags?post=210448"}],"curies":[{"name":"wp","href":"https:\/\/api.w.org\/{rel}","templated":true}]}}