{"id":210197,"date":"2024-10-04T11:40:51","date_gmt":"2024-10-04T15:40:51","guid":{"rendered":"https:\/\/www.noticel.com\/elecciones\/la-calle\/20241004\/en-vivo-candidatos-a-comisionado-residente-dialogan-con-la-prensa\/"},"modified":"2025-07-11T11:39:37","modified_gmt":"2025-07-11T11:39:37","slug":"en-vivo-candidatos-a-comisionado-residente-dialogan-con-la-prensa","status":"publish","type":"post","link":"https:\/\/noticel.com\/en\/noticias\/politica\/elecciones\/elecciones-2024\/20241004\/en-vivo-candidatos-a-comisionado-residente-dialogan-con-la-prensa\/","title":{"rendered":"EN VIVO: Candidatos a comisionado residente dialogan con la prensa"},"content":{"rendered":"<p>Los candidatos a comisionado residente en Washington responden preguntas de la prensa tras participar en una plenaria donde presentaron sus propuestas para abordar los desaf\u00edos actuales del sector salud, incluyendo la implementaci\u00f3n de tecnolog\u00edas avanzadas, pol\u00edticas de salud p\u00fablica, financiamiento y acceso a servicios m\u00e9dicos de calidad.<\/p>\n<p>Mira estas transmisiones con cada uno de ellos:<\/p><div class=\"notic-content-middle\" id=\"notic-1023828313\"><div class=\"notic-adlabel\">Advertisements<\/div><a data-no-instant=\"1\" href=\"https:\/\/qrco.de\/bgxd5v\" rel=\"noopener\" class=\"a2t-link\" target=\"_blank\" aria-label=\"DisplayAds-970&#215;2502\"><img loading=\"lazy\" decoding=\"async\" src=\"https:\/\/cdn.noticel.com\/2026\/09\/02200838\/DisplayAds-970x2502-1.jpg\" alt=\"\"  srcset=\"https:\/\/cdn.noticel.com\/2026\/09\/02200838\/DisplayAds-970x2502-1.jpg 970w, https:\/\/cdn.noticel.com\/2026\/09\/02200838\/DisplayAds-970x2502-1-300x77.jpg 300w, https:\/\/cdn.noticel.com\/2026\/09\/02200838\/DisplayAds-970x2502-1-768x198.jpg 768w, https:\/\/cdn.noticel.com\/2026\/09\/02200838\/DisplayAds-970x2502-1-18x5.jpg 18w\" sizes=\"(max-width: 970px) 100vw, 970px\" width=\"970\" height=\"250\"   \/><\/a><\/div>\n<p>Pablo Jos\u00e9 Hern\u00e1ndez &#8211; PPD<\/p>\n<p><iframe loading=\"lazy\" src=\"https:\/\/www.facebook.com\/plugins\/video.php?height=314&#038;href=https%3A%2F%2Fwww.facebook.com%2Fnoticelpr%2Fvideos%2F1056035276158813%2F&#038;show_text=false&#038;width=560&#038;t=0\" width=\"560\" height=\"314\" style=\"border:none;overflow:hidden\" scrolling=\"no\" frameborder=\"0\" allowfullscreen=\"true\" allow=\"autoplay; clipboard-write; encrypted-media; picture-in-picture; web-share\"><\/iframe><\/p>\n<p>William Villafa\u00f1e &#8211; PNP<\/p>\n<p><iframe loading=\"lazy\" src=\"https:\/\/www.facebook.com\/plugins\/video.php?height=314&#038;href=https%3A%2F%2Fwww.facebook.com%2Fnoticelpr%2Fvideos%2F506520385517412%2F&#038;show_text=false&#038;width=560&#038;t=0\" width=\"560\" height=\"314\" style=\"border:none;overflow:hidden\" scrolling=\"no\" frameborder=\"0\" allowfullscreen=\"true\" allow=\"autoplay; clipboard-write; encrypted-media; picture-in-picture; web-share\"><\/iframe><\/p>","protected":false},"excerpt":{"rendered":"<p>Los candidatos a comisionado residente en Washington responden preguntas de la prensa tras participar en una plenaria donde presentaron sus propuestas para abordar los desaf\u00edos actuales del sector salud, incluyendo la implementaci\u00f3n de tecnolog\u00edas avanzadas, pol\u00edticas de salud p\u00fablica, financiamiento y acceso a servicios m\u00e9dicos de calidad. Mira estas transmisiones con cada uno de ellos: [&hellip;]<\/p>","protected":false},"author":0,"featured_media":224055,"comment_status":"closed","ping_status":"closed","sticky":false,"template":"","format":"standard","meta":{"_acf_changed":false,"_monsterinsights_skip_tracking":false,"ep_exclude_from_search":false,"footnotes":""},"categories":[9,12],"tags":[],"class_list":["post-210197","post","type-post","status-publish","format-standard","has-post-thumbnail","hentry","category-elecciones-2024","category-la-calle"],"acf":[],"aioseo_notices":[],"_links":{"self":[{"href":"https:\/\/noticel.com\/en\/wp-json\/wp\/v2\/posts\/210197","targetHints":{"allow":["GET"]}}],"collection":[{"href":"https:\/\/noticel.com\/en\/wp-json\/wp\/v2\/posts"}],"about":[{"href":"https:\/\/noticel.com\/en\/wp-json\/wp\/v2\/types\/post"}],"replies":[{"embeddable":true,"href":"https:\/\/noticel.com\/en\/wp-json\/wp\/v2\/comments?post=210197"}],"version-history":[{"count":1,"href":"https:\/\/noticel.com\/en\/wp-json\/wp\/v2\/posts\/210197\/revisions"}],"predecessor-version":[{"id":224056,"href":"https:\/\/noticel.com\/en\/wp-json\/wp\/v2\/posts\/210197\/revisions\/224056"}],"wp:featuredmedia":[{"embeddable":true,"href":"https:\/\/noticel.com\/en\/wp-json\/wp\/v2\/media\/224055"}],"wp:attachment":[{"href":"https:\/\/noticel.com\/en\/wp-json\/wp\/v2\/media?parent=210197"}],"wp:term":[{"taxonomy":"category","embeddable":true,"href":"https:\/\/noticel.com\/en\/wp-json\/wp\/v2\/categories?post=210197"},{"taxonomy":"post_tag","embeddable":true,"href":"https:\/\/noticel.com\/en\/wp-json\/wp\/v2\/tags?post=210197"}],"curies":[{"name":"wp","href":"https:\/\/api.w.org\/{rel}","templated":true}]}}