{"id":209985,"date":"2024-09-28T17:59:45","date_gmt":"2024-09-28T21:59:45","guid":{"rendered":"https:\/\/www.noticel.com\/baloncesto\/deportes\/nba\/20240928\/jose-alvarado-firma-extension-de-dos-anos-con-los-pelicans\/"},"modified":"2025-07-11T11:56:17","modified_gmt":"2025-07-11T11:56:17","slug":"jose-alvarado-firma-extension-de-dos-anos-con-los-pelicans","status":"publish","type":"post","link":"https:\/\/noticel.com\/en\/deportes\/20240928\/jose-alvarado-firma-extension-de-dos-anos-con-los-pelicans\/","title":{"rendered":"Jos\u00e9 Alvarado firma extensi\u00f3n de dos a\u00f1os con los Pelicans"},"content":{"rendered":"<h3>Tendr\u00e1 adem\u00e1s una opci\u00f3n de jugador para la temporada 2026-2027.<\/h3>\n<p>Chicago (EFE).- El puertorrique\u00f1o Jos\u00e9 Alvarado acord\u00f3 una extensi\u00f3n de contrato de dos a\u00f1os con los New Orleans Pelicans de la NBA.<\/p>\n<p>Alvarado alcanz\u00f3 un acuerdo para una extensi\u00f3n estimada en nueve millones de d\u00f3lares y tendr\u00e1 adem\u00e1s una opci\u00f3n de jugador para la temporada 2026-2027, seg\u00fan adelanta este s\u00e1bado el portal &#8216;The Athletic&#8217;.<\/p><div class=\"notic-content-middle\" id=\"notic-1926807252\"><div class=\"notic-adlabel\">Advertisements<\/div><a data-no-instant=\"1\" href=\"https:\/\/qrco.de\/bgxd5v\" rel=\"noopener\" class=\"a2t-link\" target=\"_blank\" aria-label=\"DisplayAds-970&#215;2503\"><img loading=\"lazy\" decoding=\"async\" src=\"https:\/\/cdn.noticel.com\/2026\/09\/02201056\/DisplayAds-970x2503-1.jpg\" alt=\"\"  srcset=\"https:\/\/cdn.noticel.com\/2026\/09\/02201056\/DisplayAds-970x2503-1.jpg 970w, https:\/\/cdn.noticel.com\/2026\/09\/02201056\/DisplayAds-970x2503-1-300x77.jpg 300w, https:\/\/cdn.noticel.com\/2026\/09\/02201056\/DisplayAds-970x2503-1-768x198.jpg 768w, https:\/\/cdn.noticel.com\/2026\/09\/02201056\/DisplayAds-970x2503-1-18x5.jpg 18w\" sizes=\"(max-width: 970px) 100vw, 970px\" width=\"970\" height=\"250\"   \/><\/a><\/div>\n<p>El puertorrique\u00f1o, de 26 a\u00f1os, se asegur\u00f3 un total de 16 millones de d\u00f3lares en los pr\u00f3ximos tres a\u00f1os, si se cuenta tambi\u00e9n el valor de su actual contrato, de acuerdo con las mismas fuentes.<\/p>\n<p>Alvarado tuvo un promedio de 1.8 puntos, un rebote y 2.3 asistencias por partido el a\u00f1o pasado con los Pelicans, en los que brilla por su compromiso e intensidad defensiva.<\/p>","protected":false},"excerpt":{"rendered":"<p>Tendr\u00e1 adem\u00e1s una opci\u00f3n de jugador para la temporada 2026-2027. Chicago (EFE).- El puertorrique\u00f1o Jos\u00e9 Alvarado acord\u00f3 una extensi\u00f3n de contrato de dos a\u00f1os con los New Orleans Pelicans de la NBA. Alvarado alcanz\u00f3 un acuerdo para una extensi\u00f3n estimada en nueve millones de d\u00f3lares y tendr\u00e1 adem\u00e1s una opci\u00f3n de jugador para la temporada [&hellip;]<\/p>","protected":false},"author":0,"featured_media":224505,"comment_status":"closed","ping_status":"closed","sticky":false,"template":"","format":"standard","meta":{"_acf_changed":false,"_monsterinsights_skip_tracking":false,"ep_exclude_from_search":false,"footnotes":""},"categories":[33,31],"tags":[],"class_list":["post-209985","post","type-post","status-publish","format-standard","has-post-thumbnail","hentry","category-baloncesto","category-deportes"],"acf":[],"aioseo_notices":[],"_links":{"self":[{"href":"https:\/\/noticel.com\/en\/wp-json\/wp\/v2\/posts\/209985","targetHints":{"allow":["GET"]}}],"collection":[{"href":"https:\/\/noticel.com\/en\/wp-json\/wp\/v2\/posts"}],"about":[{"href":"https:\/\/noticel.com\/en\/wp-json\/wp\/v2\/types\/post"}],"replies":[{"embeddable":true,"href":"https:\/\/noticel.com\/en\/wp-json\/wp\/v2\/comments?post=209985"}],"version-history":[{"count":1,"href":"https:\/\/noticel.com\/en\/wp-json\/wp\/v2\/posts\/209985\/revisions"}],"predecessor-version":[{"id":224506,"href":"https:\/\/noticel.com\/en\/wp-json\/wp\/v2\/posts\/209985\/revisions\/224506"}],"wp:featuredmedia":[{"embeddable":true,"href":"https:\/\/noticel.com\/en\/wp-json\/wp\/v2\/media\/224505"}],"wp:attachment":[{"href":"https:\/\/noticel.com\/en\/wp-json\/wp\/v2\/media?parent=209985"}],"wp:term":[{"taxonomy":"category","embeddable":true,"href":"https:\/\/noticel.com\/en\/wp-json\/wp\/v2\/categories?post=209985"},{"taxonomy":"post_tag","embeddable":true,"href":"https:\/\/noticel.com\/en\/wp-json\/wp\/v2\/tags?post=209985"}],"curies":[{"name":"wp","href":"https:\/\/api.w.org\/{rel}","templated":true}]}}