{"id":209641,"date":"2024-09-18T08:56:22","date_gmt":"2024-09-18T12:56:22","guid":{"rendered":"https:\/\/www.noticel.com\/mundo\/20240918\/suben-a-12-los-muertos-por-explosiones-en-libano-y-a-1800-los-heridos-hospitalizados\/"},"modified":"2025-07-11T12:24:05","modified_gmt":"2025-07-11T12:24:05","slug":"suben-a-12-los-muertos-por-explosiones-en-libano-y-a-1800-los-heridos-hospitalizados","status":"publish","type":"post","link":"https:\/\/noticel.com\/en\/noticias\/mundo\/20240918\/suben-a-12-los-muertos-por-explosiones-en-libano-y-a-1800-los-heridos-hospitalizados\/","title":{"rendered":"Suben a 12 los muertos por explosiones en L\u00edbano y a 1,800 los heridos hospitalizados"},"content":{"rendered":"<h3>La mayor\u00eda de los heridos, unos 1,850, se concentraron en Beirut y sus suburbios.<\/h3>\n<p>El n\u00famero de muertos por la explosi\u00f3n en cadena de buscapersonas en el L\u00edbano aument\u00f3 este mi\u00e9rcoles a doce, mientras que unos 1,800 de los m\u00e1s de 2,800 heridos requirieron ingreso hospitalario, anunci\u00f3 el ministro de Salud P\u00fablica, Firas Abiad.<\/p><div class=\"notic-content-middle\" id=\"notic-2088123420\"><div class=\"notic-adlabel\">Advertisements<\/div><a data-no-instant=\"1\" href=\"https:\/\/qrco.de\/bgxd5v\" rel=\"noopener\" class=\"a2t-link\" target=\"_blank\" aria-label=\"DisplayAds-970&#215;2503\"><img loading=\"lazy\" decoding=\"async\" src=\"https:\/\/cdn.noticel.com\/2026\/09\/02201056\/DisplayAds-970x2503-1.jpg\" alt=\"\"  srcset=\"https:\/\/cdn.noticel.com\/2026\/09\/02201056\/DisplayAds-970x2503-1.jpg 970w, https:\/\/cdn.noticel.com\/2026\/09\/02201056\/DisplayAds-970x2503-1-300x77.jpg 300w, https:\/\/cdn.noticel.com\/2026\/09\/02201056\/DisplayAds-970x2503-1-768x198.jpg 768w, https:\/\/cdn.noticel.com\/2026\/09\/02201056\/DisplayAds-970x2503-1-18x5.jpg 18w\" sizes=\"(max-width: 970px) 100vw, 970px\" width=\"970\" height=\"250\"   \/><\/a><\/div>\n<p>Abiad explic\u00f3 que la mayor\u00eda de los heridos, unos 1,850, se concentraron en Beirut y sus suburbios, mientras que en el sur del pa\u00eds resultaron heridas unas 750 personas y, en el oriental Valle de la Bekaa, otras 150.<\/p>","protected":false},"excerpt":{"rendered":"<p>La mayor\u00eda de los heridos, unos 1,850, se concentraron en Beirut y sus suburbios. El n\u00famero de muertos por la explosi\u00f3n en cadena de buscapersonas en el L\u00edbano aument\u00f3 este mi\u00e9rcoles a doce, mientras que unos 1,800 de los m\u00e1s de 2,800 heridos requirieron ingreso hospitalario, anunci\u00f3 el ministro de Salud P\u00fablica, Firas Abiad. Abiad [&hellip;]<\/p>","protected":false},"author":0,"featured_media":225246,"comment_status":"closed","ping_status":"closed","sticky":false,"template":"","format":"standard","meta":{"_acf_changed":false,"_monsterinsights_skip_tracking":false,"ep_exclude_from_search":false,"footnotes":""},"categories":[17],"tags":[],"class_list":["post-209641","post","type-post","status-publish","format-standard","has-post-thumbnail","hentry","category-mundo"],"acf":[],"aioseo_notices":[],"_links":{"self":[{"href":"https:\/\/noticel.com\/en\/wp-json\/wp\/v2\/posts\/209641","targetHints":{"allow":["GET"]}}],"collection":[{"href":"https:\/\/noticel.com\/en\/wp-json\/wp\/v2\/posts"}],"about":[{"href":"https:\/\/noticel.com\/en\/wp-json\/wp\/v2\/types\/post"}],"replies":[{"embeddable":true,"href":"https:\/\/noticel.com\/en\/wp-json\/wp\/v2\/comments?post=209641"}],"version-history":[{"count":1,"href":"https:\/\/noticel.com\/en\/wp-json\/wp\/v2\/posts\/209641\/revisions"}],"predecessor-version":[{"id":225247,"href":"https:\/\/noticel.com\/en\/wp-json\/wp\/v2\/posts\/209641\/revisions\/225247"}],"wp:featuredmedia":[{"embeddable":true,"href":"https:\/\/noticel.com\/en\/wp-json\/wp\/v2\/media\/225246"}],"wp:attachment":[{"href":"https:\/\/noticel.com\/en\/wp-json\/wp\/v2\/media?parent=209641"}],"wp:term":[{"taxonomy":"category","embeddable":true,"href":"https:\/\/noticel.com\/en\/wp-json\/wp\/v2\/categories?post=209641"},{"taxonomy":"post_tag","embeddable":true,"href":"https:\/\/noticel.com\/en\/wp-json\/wp\/v2\/tags?post=209641"}],"curies":[{"name":"wp","href":"https:\/\/api.w.org\/{rel}","templated":true}]}}