{"id":209364,"date":"2025-09-05T21:48:19","date_gmt":"2025-09-05T21:48:19","guid":{"rendered":"https:\/\/www.noticel.com\/elecciones\/20240910\/en-vivo-jesus-manuel-ortiz-responde-a-prenguntas-de-la-prensa-en-conversatorio\/"},"modified":"2025-09-05T21:48:20","modified_gmt":"2025-09-05T21:48:20","slug":"en-vivo-jesus-manuel-ortiz-responde-a-prenguntas-de-la-prensa-en-conversatorio__trashed","status":"publish","type":"post","link":"https:\/\/noticel.com\/en\/noticias\/politica\/elecciones\/elecciones-2024\/20250905\/en-vivo-jesus-manuel-ortiz-responde-a-prenguntas-de-la-prensa-en-conversatorio__trashed\/","title":{"rendered":"Jes\u00fas Manuel Ortiz responde a preguntas de la prensa en conversatorio"},"content":{"rendered":"<p>El candidato a la gobernaci\u00f3n por el Partido Popular Democr\u00e1tico, Jes\u00fas Manuel Ortiz, conversa con la prensa sobre diversos temas, tras participar en foro ante la comunidad religiosa.<\/p><div class=\"notic-content-middle\" id=\"notic-1649152047\"><div class=\"notic-adlabel\">Advertisements<\/div><a data-no-instant=\"1\" href=\"https:\/\/qrco.de\/bgxd5v\" rel=\"noopener\" class=\"a2t-link\" target=\"_blank\" aria-label=\"300X600-SEBUSCA3\"><img loading=\"lazy\" decoding=\"async\" src=\"https:\/\/cdn.noticel.com\/2026\/09\/02194515\/300X600-SEBUSCA3.jpg\" alt=\"\"  srcset=\"https:\/\/cdn.noticel.com\/2026\/09\/02194515\/300X600-SEBUSCA3.jpg 300w, https:\/\/cdn.noticel.com\/2026\/09\/02194515\/300X600-SEBUSCA3-150x300.jpg 150w, https:\/\/cdn.noticel.com\/2026\/09\/02194515\/300X600-SEBUSCA3-6x12.jpg 6w\" sizes=\"(max-width: 300px) 100vw, 300px\" width=\"300\" height=\"600\"   \/><\/a><\/div>\n<p>Mira esta transmisi\u00f3n desde el Seminario Evang\u00e9lico de Puerto Rico en R\u00edo Piedras.<\/p>\n<p><iframe loading=\"lazy\" src=\"https:\/\/www.facebook.com\/plugins\/video.php?height=314&#038;href=https%3A%2F%2Fwww.facebook.com%2Fnoticelpr%2Fvideos%2F1206223570704563%2F&#038;show_text=true&#038;width=560&#038;t=0\" width=\"560\" height=\"429\" style=\"border:none;overflow:hidden\" scrolling=\"no\" frameborder=\"0\" allowfullscreen=\"true\" allow=\"autoplay; clipboard-write; encrypted-media; picture-in-picture; web-share\"><\/iframe><\/p>","protected":false},"excerpt":{"rendered":"<p>El candidato a la gobernaci\u00f3n por el Partido Popular Democr\u00e1tico, Jes\u00fas Manuel Ortiz, conversa con la prensa sobre diversos temas, tras participar en foro ante la comunidad religiosa. Mira esta transmisi\u00f3n desde el Seminario Evang\u00e9lico de Puerto Rico en R\u00edo Piedras.<\/p>","protected":false},"author":30,"featured_media":225805,"comment_status":"closed","ping_status":"closed","sticky":false,"template":"","format":"standard","meta":{"_acf_changed":false,"_monsterinsights_skip_tracking":false,"ep_exclude_from_search":false,"footnotes":""},"categories":[9],"tags":[],"class_list":["post-209364","post","type-post","status-publish","format-standard","has-post-thumbnail","hentry","category-elecciones-2024"],"acf":[],"aioseo_notices":[],"_links":{"self":[{"href":"https:\/\/noticel.com\/en\/wp-json\/wp\/v2\/posts\/209364","targetHints":{"allow":["GET"]}}],"collection":[{"href":"https:\/\/noticel.com\/en\/wp-json\/wp\/v2\/posts"}],"about":[{"href":"https:\/\/noticel.com\/en\/wp-json\/wp\/v2\/types\/post"}],"author":[{"embeddable":true,"href":"https:\/\/noticel.com\/en\/wp-json\/wp\/v2\/users\/30"}],"replies":[{"embeddable":true,"href":"https:\/\/noticel.com\/en\/wp-json\/wp\/v2\/comments?post=209364"}],"version-history":[{"count":1,"href":"https:\/\/noticel.com\/en\/wp-json\/wp\/v2\/posts\/209364\/revisions"}],"predecessor-version":[{"id":225806,"href":"https:\/\/noticel.com\/en\/wp-json\/wp\/v2\/posts\/209364\/revisions\/225806"}],"wp:featuredmedia":[{"embeddable":true,"href":"https:\/\/noticel.com\/en\/wp-json\/wp\/v2\/media\/225805"}],"wp:attachment":[{"href":"https:\/\/noticel.com\/en\/wp-json\/wp\/v2\/media?parent=209364"}],"wp:term":[{"taxonomy":"category","embeddable":true,"href":"https:\/\/noticel.com\/en\/wp-json\/wp\/v2\/categories?post=209364"},{"taxonomy":"post_tag","embeddable":true,"href":"https:\/\/noticel.com\/en\/wp-json\/wp\/v2\/tags?post=209364"}],"curies":[{"name":"wp","href":"https:\/\/api.w.org\/{rel}","templated":true}]}}