{"id":209133,"date":"2024-09-04T07:00:00","date_gmt":"2024-09-04T11:00:00","guid":{"rendered":"https:\/\/www.noticel.com\/?post_type=article&#038;p=209133"},"modified":"2025-07-11T13:00:22","modified_gmt":"2025-07-11T13:00:22","slug":"dalmau-vislumbra-crear-un-panel-para-auditar-la-deuda-publica","status":"publish","type":"post","link":"https:\/\/noticel.com\/en\/ultima-hora\/20240904\/dalmau-vislumbra-crear-un-panel-para-auditar-la-deuda-publica\/","title":{"rendered":"Dalmau vislumbra crear un panel para auditar la deuda p\u00fablica"},"content":{"rendered":"<h3>\u201cLas acciones contra el pueblo tienen que tener consecuencias\u201d, dijo el candidato del PIP.<\/h3>\n<p>El candidato a la gobernaci\u00f3n por el Partido Independentista Puertorrique\u00f1o (PIP) y la Alianza, Juan Dalmau Ram\u00edrez propuso ayer lo que llam\u00f3 un plan de transformaci\u00f3n gubernamental en el cual avala la creaci\u00f3n del \u201cPanel de Justicia y Verdad\u201d.<\/p>\n<p>El ente estar\u00eda encargado de examinar la conducta de los responsables de la deuda y la quiebra del gobierno \u201ccon el fin de, no solo de adjudicar responsabilidades donde recaigan, sino para no cometer los errores del pasado\u201d.<\/p>\n<p>El origen de la deuda de Puerto Rico proviene de una crisis econ\u00f3mica iniciada en el a\u00f1o 2000. El estatus de Puerto Rico como Estado Libre Asociado no le permiti\u00f3 al pa\u00eds acogerse a la Ley de Quiebras estadounidense.<\/p>\n<p>Historia relacionada: <a href=\"https:\/\/noticel.com\/en\/article\/20240827\/juan-dalmau-presenta-sus-propuestas-para-atender-el-sinhogarismo\/\" id=\"link-237eef9893a23bb52df0b67b2580ba0e\" target=\"_blank\"><strong id=\"strong-a5a914523c4953e5ac72f59b360b47ff\">Juan Dalmau presenta sus propuestas para atender el sinhogarismo<\/strong><\/a><\/p>\n<p>La idea de que la deuda fuera auditada no es nueva y varios grupos de inter\u00e9s la impulsaron hasta que finalmente se acord\u00f3 en el tribunal el Plan de Ajuste de la Deuda.<\/p>\n<p>\u201cLos platos que otros rompieron pretenden que los arreglen quienes no los rompimos\u201d, expres\u00f3 Dalmau Ram\u00edrez.<\/p>\n<p>El aspirante a gobernador enfatiz\u00f3 que el pueblo \u00abtiene el derecho a saber c\u00f3mo llegamos a donde estamos\u00bb dado que su propuesta aspira dar a conocer quienes incurrieron en actos ilegales que produjeron la quiebra gubernamental actual.<\/p><div class=\"notic-content-middle\" id=\"notic-2916362715\"><div class=\"notic-adlabel\">Advertisements<\/div><a data-no-instant=\"1\" href=\"http:\/\/jackpotdelencantopr.com\" rel=\"noopener\" class=\"a2t-link\" target=\"_blank\" aria-label=\"JP-Monopoly-Launch-Noticel-300&#215;250\"><img loading=\"lazy\" decoding=\"async\" src=\"https:\/\/cdn.noticel.com\/2026\/07\/15122022\/JP-Monopoly-Launch-Noticel-300x250-1.jpg\" alt=\"\"  srcset=\"https:\/\/cdn.noticel.com\/2026\/07\/15122022\/JP-Monopoly-Launch-Noticel-300x250-1.jpg 300w, https:\/\/cdn.noticel.com\/2026\/07\/15122022\/JP-Monopoly-Launch-Noticel-300x250-1-14x12.jpg 14w\" sizes=\"(max-width: 300px) 100vw, 300px\" width=\"300\" height=\"250\"   \/><\/a><\/div>\n<p>Cuando la prensa le cuestion\u00f3 c\u00f3mo exactamente propone definir qu\u00e9 actos que llevaron al pa\u00eds a la quiebra pueden ser considerados ilegales, Dalmau respondi\u00f3 que en propio tribunal federal concluy\u00f3 que m\u00e1s de $2,500 millones de la deuda es \u00abilegal\u00bb.<\/p>\n<p>\u00abAqu\u00ed hay tres grandes ladrones que son los responsables de la quiebra del pa\u00eds. N\u00famero uno, los gobiernos de turno que hac\u00edan representaci\u00f3n falsas de la cantidad de recaudo econ\u00f3mico que tendr\u00eda el Gobierno de Puerto Rico. N\u00famero dos, las casas acreditadoras que le hac\u00edan al gobierno &#8216;wink wink (refiri\u00e9ndose al gesto de gui\u00f1ar un ojo) yo te creo que t\u00fa tienes esa capacidad de recaudo, entonces acredito que puedes emitir los bonos&#8217; sabiendo que no la ten\u00edan. Los terceros, las casas de corretaje; que sab\u00edan que iban a cobrar aunque eso fuera el precio de desmantelar el pa\u00eds\u00bb.<\/p>\n<p>Del mismo modo, respecto al tema de la Junta de Supervisi\u00f3n Fiscal, el candidato independentista expres\u00f3 que \u00abno es un problema jur\u00eddico; es un problema pol\u00edtico\u00bb por lo que propone que se adopte como un proyecto de pa\u00eds el acudir m\u00faltisectorialmente a exigirle al Congreso de los Estados Unidos la eliminaci\u00f3n de la Junta de Control Fiscal.<\/p>\n<p>Historia Relacionada: <a href=\"https:\/\/noticel.com\/en\/elecciones\/top-stories\/20240807\/juan-dalmau-proponer-despenalizar-las-drogas-indistintamente-de-la-sustancia\/\" id=\"link-035db64842d31ad4bcb8a34ef3babf65\" target=\"_blank\">Juan Dalmau proponer despenalizar las drogas indistintamente de la sustancia<\/a><\/p>\n<p>\u00abNo puedo pensar que un estadista este contento con la imposici\u00f3n antidemocr\u00e1tica de una Junta de Control Fiscal a base del coloniaje que dicen combatir. No puedo pensar que haya miembros del Partido Popular que crean que la Junta de Control Fiscal es un ente democr\u00e1tico dentro del estatus que ellos dicen defender\u00bb, a\u00f1adi\u00f3 el candidato.<\/p>\n<p>Asimismo, explic\u00f3 que la convocatoria va dirigida igualmente a los sectores comerciales, industriales, educativos y de salud para enfrentar la Junta en todos los foros donde sea efectivo.<\/p>","protected":false},"excerpt":{"rendered":"<p>\u201cLas acciones contra el pueblo tienen que tener consecuencias\u201d, dijo el candidato del PIP. El candidato a la gobernaci\u00f3n por el Partido Independentista Puertorrique\u00f1o (PIP) y la Alianza, Juan Dalmau Ram\u00edrez propuso ayer lo que llam\u00f3 un plan de transformaci\u00f3n gubernamental en el cual avala la creaci\u00f3n del \u201cPanel de Justicia y Verdad\u201d. El ente [&hellip;]<\/p>","protected":false},"author":0,"featured_media":226287,"comment_status":"closed","ping_status":"closed","sticky":false,"template":"","format":"standard","meta":{"_acf_changed":false,"_monsterinsights_skip_tracking":false,"ep_exclude_from_search":false,"footnotes":""},"categories":[9,4,2],"tags":[],"class_list":["post-209133","post","type-post","status-publish","format-standard","has-post-thumbnail","hentry","category-elecciones-2024","category-gobierno","category-ultima-hora"],"acf":[],"aioseo_notices":[],"_links":{"self":[{"href":"https:\/\/noticel.com\/en\/wp-json\/wp\/v2\/posts\/209133","targetHints":{"allow":["GET"]}}],"collection":[{"href":"https:\/\/noticel.com\/en\/wp-json\/wp\/v2\/posts"}],"about":[{"href":"https:\/\/noticel.com\/en\/wp-json\/wp\/v2\/types\/post"}],"replies":[{"embeddable":true,"href":"https:\/\/noticel.com\/en\/wp-json\/wp\/v2\/comments?post=209133"}],"version-history":[{"count":1,"href":"https:\/\/noticel.com\/en\/wp-json\/wp\/v2\/posts\/209133\/revisions"}],"predecessor-version":[{"id":226288,"href":"https:\/\/noticel.com\/en\/wp-json\/wp\/v2\/posts\/209133\/revisions\/226288"}],"wp:featuredmedia":[{"embeddable":true,"href":"https:\/\/noticel.com\/en\/wp-json\/wp\/v2\/media\/226287"}],"wp:attachment":[{"href":"https:\/\/noticel.com\/en\/wp-json\/wp\/v2\/media?parent=209133"}],"wp:term":[{"taxonomy":"category","embeddable":true,"href":"https:\/\/noticel.com\/en\/wp-json\/wp\/v2\/categories?post=209133"},{"taxonomy":"post_tag","embeddable":true,"href":"https:\/\/noticel.com\/en\/wp-json\/wp\/v2\/tags?post=209133"}],"curies":[{"name":"wp","href":"https:\/\/api.w.org\/{rel}","templated":true}]}}