{"id":209063,"date":"2024-09-02T07:32:11","date_gmt":"2024-09-02T11:32:11","guid":{"rendered":"https:\/\/www.noticel.com\/el-tiempo\/20240902\/onda-tropical-provocara-condiciones-inestables-hoy\/"},"modified":"2025-07-11T13:05:35","modified_gmt":"2025-07-11T13:05:35","slug":"onda-tropical-provocara-condiciones-inestables-hoy","status":"publish","type":"post","link":"https:\/\/noticel.com\/en\/el-tiempo\/20240902\/onda-tropical-provocara-condiciones-inestables-hoy\/","title":{"rendered":"Onda tropical provocar\u00e1 condiciones inestables hoy"},"content":{"rendered":"<h3>Se anticipan fuertes lluvias y tormentas el\u00e9ctricas con esta onda, lo que podr\u00eda resultar en inundaciones localizadas y deslizamientos de tierra en las zonas m\u00e1s elevadas debido a los suelos saturados.<\/h3>\n<p>Se esperan condiciones meteorol\u00f3gicas inestables hoy en las islas debido a la llegada de una onda tropical.<\/p>\n<p>Se anticipan fuertes lluvias y tormentas el\u00e9ctricas con esta onda, lo que podr\u00eda resultar en inundaciones localizadas y deslizamientos de tierra en las zonas m\u00e1s elevadas debido a los suelos saturados. Despu\u00e9s del paso de la onda, la humedad residual provocar\u00e1 lluvias vespertinas y tormentas aisladas en el interior y el oeste de Puerto Rico cada d\u00eda.<\/p>\n<p>Las temperaturas c\u00e1lidas y calurosas continuar\u00e1n durante los pr\u00f3ximos d\u00edas.<\/p>\n<p>Para hoy, nublado con numerosas lluvias y tormentas dispersas. M\u00e1ximas alrededor de 91\u00b0F. La temperatura bajar\u00e1 esta tarde. Vientos del este de 10 a 15 mph con r\u00e1fagas de hasta 25 mph. Probabilidad de lluvia del 70%.<\/p>\n<p>Esta noche, parcialmente nublado en la noche, luego mayormente nublado. Numerosas lluvias con tormentas aisladas. M\u00ednimas alrededor de 82\u00b0F. Vientos del este de 10 a 15 mph. Probabilidad de lluvia del 70%.<\/p>\n<p>El martes, nublado con lluvias. Tormentas aisladas en la ma\u00f1ana, luego tormentas dispersas en la tarde. M\u00e1ximas alrededor de 91\u00b0F. La temperatura bajar\u00e1 en la tarde. Vientos del este de 15 a 20 mph. Probabilidad de lluvia del 80%.<\/p>\n<blockquote class=\"twitter-tweet\">\n<p lang=\"es\" dir=\"ltr\">[Sept 2nd] 7:25 AM Radar Loop. Marine Weather Statement in effect for most of the local waters due to strong thunderstorms. \u26c8\ufe0f<br \/>|<br \/>Bucle de radar de las 7:25 AM. Un Comunicado Mar\u00edtimo est\u00e1 vigente para la mayor\u00eda de las aguas locales debido a tronadas fuertes. \u26c8\ufe0f<a href=\"https:\/\/twitter.com\/hashtag\/PRwx?src=hash&amp;ref_src=twsrc%5Etfw\">#PRwx<\/a> <a href=\"https:\/\/twitter.com\/hashtag\/USVIwx?src=hash&amp;ref_src=twsrc%5Etfw\">#USVIwx<\/a> <a href=\"https:\/\/t.co\/dSG9zFkRAz\">pic.twitter.com\/dSG9zFkRAz<\/a><\/p>\n<p>&mdash; NWS San Juan (@NWSSanJuan) <a href=\"https:\/\/twitter.com\/NWSSanJuan\/status\/1830568696437522918?ref_src=twsrc%5Etfw\">September 2, 2024<\/a><\/p><\/blockquote>\n<p> <script async src=\"https:\/\/platform.twitter.com\/widgets.js\" charset=\"utf-8\"><\/script><\/p>","protected":false},"excerpt":{"rendered":"<p>Se anticipan fuertes lluvias y tormentas el\u00e9ctricas con esta onda, lo que podr\u00eda resultar en inundaciones localizadas y deslizamientos de tierra en las zonas m\u00e1s elevadas debido a los suelos saturados. Se esperan condiciones meteorol\u00f3gicas inestables hoy en las islas debido a la llegada de una onda tropical. Se anticipan fuertes lluvias y tormentas el\u00e9ctricas [&hellip;]<\/p>","protected":false},"author":0,"featured_media":226440,"comment_status":"closed","ping_status":"closed","sticky":false,"template":"","format":"standard","meta":{"_acf_changed":false,"_monsterinsights_skip_tracking":false,"ep_exclude_from_search":false,"footnotes":""},"categories":[18],"tags":[],"class_list":["post-209063","post","type-post","status-publish","format-standard","has-post-thumbnail","hentry","category-el-tiempo"],"acf":[],"aioseo_notices":[],"_links":{"self":[{"href":"https:\/\/noticel.com\/en\/wp-json\/wp\/v2\/posts\/209063","targetHints":{"allow":["GET"]}}],"collection":[{"href":"https:\/\/noticel.com\/en\/wp-json\/wp\/v2\/posts"}],"about":[{"href":"https:\/\/noticel.com\/en\/wp-json\/wp\/v2\/types\/post"}],"replies":[{"embeddable":true,"href":"https:\/\/noticel.com\/en\/wp-json\/wp\/v2\/comments?post=209063"}],"version-history":[{"count":1,"href":"https:\/\/noticel.com\/en\/wp-json\/wp\/v2\/posts\/209063\/revisions"}],"predecessor-version":[{"id":226441,"href":"https:\/\/noticel.com\/en\/wp-json\/wp\/v2\/posts\/209063\/revisions\/226441"}],"wp:featuredmedia":[{"embeddable":true,"href":"https:\/\/noticel.com\/en\/wp-json\/wp\/v2\/media\/226440"}],"wp:attachment":[{"href":"https:\/\/noticel.com\/en\/wp-json\/wp\/v2\/media?parent=209063"}],"wp:term":[{"taxonomy":"category","embeddable":true,"href":"https:\/\/noticel.com\/en\/wp-json\/wp\/v2\/categories?post=209063"},{"taxonomy":"post_tag","embeddable":true,"href":"https:\/\/noticel.com\/en\/wp-json\/wp\/v2\/tags?post=209063"}],"curies":[{"name":"wp","href":"https:\/\/api.w.org\/{rel}","templated":true}]}}