{"id":20866,"date":"2014-05-30T00:00:00","date_gmt":"2014-05-30T04:00:00","guid":{"rendered":"http:\/\/www.noticel.com\/vida\/20140530\/alberto-ii-y-charlene-de-monaco-anuncian-que-esperan-su-primer-hijo\/"},"modified":"2025-07-16T12:38:53","modified_gmt":"2025-07-16T12:38:53","slug":"alberto-ii-y-charlene-de-monaco-anuncian-que-esperan-su-primer-hijo","status":"publish","type":"post","link":"https:\/\/noticel.com\/en\/vida-y-bienestar\/20140530\/alberto-ii-y-charlene-de-monaco-anuncian-que-esperan-su-primer-hijo\/","title":{"rendered":"Alberto II y Charlene de M\u00f3naco anuncian que esperan su primer hijo"},"content":{"rendered":"<p>Alberto II y Charlene de M\u00f3naco anunciaron hoy que esperan su primer hijo y que el nacimiento se producir\u00e1 a finales de a\u00f1o, tres a\u00f1os y medio despues de su boda en el Principado.<\/p>\n<p>&#8216;El pr\u00edncipe y la princesa de M\u00f3naco est\u00e1n encantados de anunciar el embarazo de la princesa Charlene. El nacimiento est\u00e1 previsto para finales de a\u00f1o&#8217;, indic\u00f3 la pareja en un escueto comunicado difundido por el Palacio monegasco.<\/p>\n<p>Se trata de su primer hijo en com\u00fan, y llega en un momento en que no han conseguido hacer cesar los rumores sobre sus desavenencias y la dificultad de la sudafricana por adaptarse a la vida en el Principado y a su familia pol\u00edtica.<\/p>\n<p>El beb\u00e9, del que no se ha facilitado el sexo, ser\u00e1 el primero en la l\u00ednea de sucesi\u00f3n, puesto que hasta ahora ocupaba la princesa Carolina, hermana del soberano.<\/p>\n<p>&#8216;Creo que necesit\u00e9 un poco de tiempo para instalarme y adaptarme. No me pongo ninguna presi\u00f3n. Llegar\u00e1 cuando tenga que llegar&#8217;, se\u00f1al\u00f3 la princesa sobre su eventual maternidad en una entrevista concedida a principios de mes al peri\u00f3dico &#8216;Sunday World&#8217;.<\/p>\n<p>Charlene, de 36 a\u00f1os de edad, aseguraba entonces que en estos primeros a\u00f1os despu\u00e9s de su matrimonio se ha centrado en hacerse a su nuevo rol y en promover su fundaci\u00f3n humanitaria, pero se dec\u00eda ya preparada ser madre.<\/p>\n<p>Su boda tuvo lugar en julio de 2011, en una ceremonia civil y otra religiosa, que sell\u00f3 cinco a\u00f1os de noviazgo y cont\u00f3 con la presencia de jefes de Estado, monarcas y pr\u00edncipes herederos, as\u00ed como personalidades del mundo de la moda, el deporte y los negocios.<\/p>\n<p>Con este matrimonio &#8216;se abre una nueva p\u00e1gina en la historia del Principado&#8217;, afirm\u00f3 entonces Alberto II, que el pasado 14 de marzo cumpli\u00f3 56 a\u00f1os de edad, y que tiene ya otros dos hijos ileg\u00edtimos, fruto de relaciones anteriores.<\/p>\n<p>Hace apenas cinco meses fue su sobrina Carlota, hija de Carolina, la que aport\u00f3 un nuevo beb\u00e9 a la familia, Rapha\u00ebl, mientras que en marzo de 2013 su hermano mayor, Andrea Casiraghi, tuvo un ni\u00f1o con Tatiana Santo Domingo, Sacha, que naci\u00f3 en Londres, donde reside la pareja.<\/p>","protected":false},"excerpt":{"rendered":"<p>Alberto II y Charlene de M\u00f3naco anunciaron hoy que esperan su primer hijo y que el nacimiento se producir\u00e1 a finales de a\u00f1o, tres a\u00f1os y medio despues de su boda en el Principado. &#8216;El pr\u00edncipe y la princesa de M\u00f3naco est\u00e1n encantados de anunciar el embarazo de la princesa Charlene. El nacimiento est\u00e1 previsto [&hellip;]<\/p>","protected":false},"author":0,"featured_media":441971,"comment_status":"closed","ping_status":"closed","sticky":false,"template":"","format":"standard","meta":{"_acf_changed":false,"_monsterinsights_skip_tracking":false,"ep_exclude_from_search":false,"footnotes":""},"categories":[69],"tags":[],"class_list":["post-20866","post","type-post","status-publish","format-standard","has-post-thumbnail","hentry","category-vida-y-bienestar"],"acf":[],"aioseo_notices":[],"_links":{"self":[{"href":"https:\/\/noticel.com\/en\/wp-json\/wp\/v2\/posts\/20866","targetHints":{"allow":["GET"]}}],"collection":[{"href":"https:\/\/noticel.com\/en\/wp-json\/wp\/v2\/posts"}],"about":[{"href":"https:\/\/noticel.com\/en\/wp-json\/wp\/v2\/types\/post"}],"replies":[{"embeddable":true,"href":"https:\/\/noticel.com\/en\/wp-json\/wp\/v2\/comments?post=20866"}],"version-history":[{"count":1,"href":"https:\/\/noticel.com\/en\/wp-json\/wp\/v2\/posts\/20866\/revisions"}],"predecessor-version":[{"id":441973,"href":"https:\/\/noticel.com\/en\/wp-json\/wp\/v2\/posts\/20866\/revisions\/441973"}],"wp:featuredmedia":[{"embeddable":true,"href":"https:\/\/noticel.com\/en\/wp-json\/wp\/v2\/media\/441971"}],"wp:attachment":[{"href":"https:\/\/noticel.com\/en\/wp-json\/wp\/v2\/media?parent=20866"}],"wp:term":[{"taxonomy":"category","embeddable":true,"href":"https:\/\/noticel.com\/en\/wp-json\/wp\/v2\/categories?post=20866"},{"taxonomy":"post_tag","embeddable":true,"href":"https:\/\/noticel.com\/en\/wp-json\/wp\/v2\/tags?post=20866"}],"curies":[{"name":"wp","href":"https:\/\/api.w.org\/{rel}","templated":true}]}}