{"id":208575,"date":"2024-08-20T09:26:50","date_gmt":"2024-08-20T13:26:50","guid":{"rendered":"https:\/\/www.noticel.com\/la-calle\/top-stories\/20240820\/alcalde-de-orocovis-dice-que-pierluisi-esta-desconectado-de-la-realidad\/"},"modified":"2025-07-11T13:46:25","modified_gmt":"2025-07-11T13:46:25","slug":"alcalde-de-orocovis-dice-que-pierluisi-esta-desconectado-de-la-realidad","status":"publish","type":"post","link":"https:\/\/noticel.com\/en\/noticias\/la-calle\/20240820\/alcalde-de-orocovis-dice-que-pierluisi-esta-desconectado-de-la-realidad\/","title":{"rendered":"Alcalde de Orocovis dice que Pierluisi est\u00e1 desconectado de la realidad"},"content":{"rendered":"<h3>\u201cEs lamentable ver como usted contin\u00faa justificando y defendiendo a una entidad que no responde a los mejores intereses del pueblo de Puerto Rico y que lo \u00fanico que le importa a \u00e9sta es hacer dinero a expensa de nuestro sufrimiento\u201d, sostuvo.<\/h3>\n<p>El alcalde de Orocovis, Jes\u00fas Col\u00f3n Berlingeri, lament\u00f3 la actitud exhibida ayer por el gobernador Pedro Pierluisi de defensa absoluta a la gesti\u00f3n de LUMA Energy en devolverle el servicio de energ\u00eda el\u00e9ctrica a los poco m\u00e1s de 700,000 abonados que se quedaron sin luz tras el paso de la tormenta Ernesto.<\/p>\n<p>Tambi\u00e9n lo acus\u00f3 de estar desconectado de la realidad al indicar que hab\u00eda que \u201creconocer que la respuesta fue r\u00e1pida\u201d y le reclam\u00f3 que nadie del Ejecutivo se ha comunicado con \u00e9l para conocer las necesidades de este pueblo de la monta\u00f1a.<\/p>\n<p>\u201cEs una desconexi\u00f3n total de la realidad que viven o vivieron los cientos de miles de abonados y\/o personas que no tuvieron el servicio el\u00e9ctrico luego del paso de la Tormenta Tropical Ernesto\u201d, sostuvo el ejecutivo orocove\u00f1o al describir la actitud del gobernador.<\/p>\n<p>Puede leer la carta aqu\u00ed:<\/p>\n<p>\u201cEs lamentable ver como usted contin\u00faa justificando y defendiendo a una entidad que no responde a los mejores intereses del pueblo de Puerto Rico y que lo \u00fanico que le importa a \u00e9sta es hacer dinero a expensa de nuestro sufrimiento. Tenemos que aspirar a m\u00e1s\u201d, le indic\u00f3 Col\u00f3n Berlingeri al gobernador en una carta enviada hoy.<\/p>\n<p>Ayer, Pierluisi elogi\u00f3 el trabajo realizado por LUMA y cuando un reportero le cuestion\u00f3 que el optimismo que exhib\u00eda tanto en el tema energ\u00e9tico como en el educativo no se reflejaba en la calle, el gobernante le contest\u00f3 que los afectados eran -en el caso del servicio el\u00e9ctrico- el 4% del pa\u00eds.<\/p>\n<p>En la misiva del alcalde orocove\u00f1o, aludi\u00f3 a expresiones que hiciera Pierluisi ayer en el sentido de que existe una ley que regula la forma y manera en que los gobiernos municipales pueden intervenir en el sistema el\u00e9ctrico y la importancia de velar por la seguridad de trabajadores y ciudadanos.<\/p>\n<p>\u201cSus expresiones parten de unas premisas equivocadas y son ajenas a la realidad f\u00e1ctica y jur\u00eddica de lo que sucedi\u00f3 durante el fin de semana\u201d, sostuvo Col\u00f3n Berlingeri.<\/p><div class=\"notic-content-middle\" id=\"notic-1194347173\"><div class=\"notic-adlabel\">Advertisements<\/div><a data-no-instant=\"1\" href=\"https:\/\/www.cst.pr.gov\/\" rel=\"noopener\" class=\"a2t-link\" target=\"_blank\" aria-label=\"970&#215;90\"><img loading=\"lazy\" decoding=\"async\" src=\"https:\/\/cdn.noticel.com\/2026\/09\/02204026\/970x90-1.jpg\" alt=\"\"  srcset=\"https:\/\/cdn.noticel.com\/2026\/09\/02204026\/970x90-1.jpg 970w, https:\/\/cdn.noticel.com\/2026\/09\/02204026\/970x90-1-300x28.jpg 300w, https:\/\/cdn.noticel.com\/2026\/09\/02204026\/970x90-1-768x71.jpg 768w, https:\/\/cdn.noticel.com\/2026\/09\/02204026\/970x90-1-18x2.jpg 18w\" sizes=\"(max-width: 970px) 100vw, 970px\" width=\"970\" height=\"90\"   \/><\/a><\/div>\n<p>El ejecutivo municipal procedi\u00f3 a hacer un recuento de c\u00f3mo declar\u00f3 un estado de emergencia en Orocovis por el paso de la tormenta y que, al 17 de agosto, todav\u00eda el 38% de la poblaci\u00f3n de Orocovis ten\u00eda luz.<\/p>\n<p>El ojo de la tormenta no toc\u00f3 tierra y meramente roz\u00f3 el este del pa\u00eds el 14 de agosto.<\/p>\n<p>\u201cAnte la poca comunicaci\u00f3n de parte de LUMA, por no decir ninguna, y el pobre desempe\u00f1o\u2026\u201d, relata Col\u00f3n Berlingeri al explicar por qu\u00e9 decret\u00f3 el estado de emergencia, al amparo del C\u00f3digo Municipal, que incluye, en su texto que \u201cel Alcalde o su representante podr\u00e1 llevar a cabo todas las gestiones y labores necesarias para normalizar o restablecer el sistema de energ\u00eda el\u00e9ctrica, as\u00ed como las instalaciones para el suministro y tratamiento de agua y aguas residuales, tras previa notificaci\u00f3n por escrito a la Autoridad de Energ\u00eda El\u00e9ctrica y\/o la Autoridad de Acueductos y Alcantarillados, seg\u00fan corresponda\u201d.<\/p>\n<p>\u201cEs decir, y contrario a lo indicado por usted a los medios noticiosos, no es necesario que medie un contrato firmado entre LUMA y el Municipio; ello derrotar\u00eda el sentido de urgencia que requiere y persigue el restablecimiento de la energ\u00eda el\u00e9ctrica\u2026\u201d, indic\u00f3 el alcalde penep\u00e9.<\/p>\n<p>El Municipio de Orocovis ha contratado a un grupo de exempleados de la Autoridad de Energ\u00eda El\u00e9ctrica. Esto provoc\u00f3 que un oficial de LUMA le indicara en una carta que los trabajadores contratados por Orocovis ten\u00edan que cesar en sus trabajos no autorizados.<\/p>\n<p>Col\u00f3n Berlingeri respondi\u00f3 indicando que no intervendr\u00edan en el sistema el\u00e9ctrico siempre y cuando \u201cse nos garantice brigadas suficientes para atender la situaci\u00f3n el\u00e9ctrica de nuestro pueblo\u201d.<\/p>\n<p>Seg\u00fan Col\u00f3n Berlingeri, esa carta suya a LUMA fue remitida tambi\u00e9n a Pierluisi.<\/p>\n<p>\u201cSe\u00f1or Gobernador, debo confesarle, con la mayor candidez del mundo, que me tom\u00f3 por sorpresa sus expresiones, sobre todo sin que, previo a las mismas, usted o un ayudante suyo se haya comunicado con el suscribiente para inquirir sobre la situaci\u00f3n en el Municipio. Es muy f\u00e1cil pasar juicio valorativo de una situaci\u00f3n, sin contar con todos los elementos necesarios. De hecho, al d\u00eda de hoy, y luego del paso de la Tormenta Tropical Ernesto, ni usted, ni ninguna persona de La Fortaleza se han comunicado con el que suscribe para conocer las necesidades del Municipio\u201d, indic\u00f3 Col\u00f3n Berlingeri.<\/p>","protected":false},"excerpt":{"rendered":"<p>\u201cEs lamentable ver como usted contin\u00faa justificando y defendiendo a una entidad que no responde a los mejores intereses del pueblo de Puerto Rico y que lo \u00fanico que le importa a \u00e9sta es hacer dinero a expensa de nuestro sufrimiento\u201d, sostuvo. El alcalde de Orocovis, Jes\u00fas Col\u00f3n Berlingeri, lament\u00f3 la actitud exhibida ayer por [&hellip;]<\/p>","protected":false},"author":0,"featured_media":227476,"comment_status":"closed","ping_status":"closed","sticky":false,"template":"","format":"standard","meta":{"_acf_changed":false,"_monsterinsights_skip_tracking":false,"ep_exclude_from_search":false,"footnotes":""},"categories":[12],"tags":[],"class_list":["post-208575","post","type-post","status-publish","format-standard","has-post-thumbnail","hentry","category-la-calle"],"acf":[],"aioseo_notices":[],"_links":{"self":[{"href":"https:\/\/noticel.com\/en\/wp-json\/wp\/v2\/posts\/208575","targetHints":{"allow":["GET"]}}],"collection":[{"href":"https:\/\/noticel.com\/en\/wp-json\/wp\/v2\/posts"}],"about":[{"href":"https:\/\/noticel.com\/en\/wp-json\/wp\/v2\/types\/post"}],"replies":[{"embeddable":true,"href":"https:\/\/noticel.com\/en\/wp-json\/wp\/v2\/comments?post=208575"}],"version-history":[{"count":1,"href":"https:\/\/noticel.com\/en\/wp-json\/wp\/v2\/posts\/208575\/revisions"}],"predecessor-version":[{"id":227477,"href":"https:\/\/noticel.com\/en\/wp-json\/wp\/v2\/posts\/208575\/revisions\/227477"}],"wp:featuredmedia":[{"embeddable":true,"href":"https:\/\/noticel.com\/en\/wp-json\/wp\/v2\/media\/227476"}],"wp:attachment":[{"href":"https:\/\/noticel.com\/en\/wp-json\/wp\/v2\/media?parent=208575"}],"wp:term":[{"taxonomy":"category","embeddable":true,"href":"https:\/\/noticel.com\/en\/wp-json\/wp\/v2\/categories?post=208575"},{"taxonomy":"post_tag","embeddable":true,"href":"https:\/\/noticel.com\/en\/wp-json\/wp\/v2\/tags?post=208575"}],"curies":[{"name":"wp","href":"https:\/\/api.w.org\/{rel}","templated":true}]}}