{"id":208302,"date":"2024-08-13T07:46:59","date_gmt":"2024-08-13T11:46:59","guid":{"rendered":"https:\/\/www.noticel.com\/la-calle\/20240813\/atenderan-hoy-en-rio-piedras-a-personas-sin-hogar\/"},"modified":"2025-07-11T14:08:05","modified_gmt":"2025-07-11T14:08:05","slug":"atenderan-hoy-en-rio-piedras-a-personas-sin-hogar","status":"publish","type":"post","link":"https:\/\/noticel.com\/en\/noticias\/la-calle\/20240813\/atenderan-hoy-en-rio-piedras-a-personas-sin-hogar\/","title":{"rendered":"Atender\u00e1n hoy en R\u00edo Piedras a personas sin hogar"},"content":{"rendered":"<h3>La Fondita de Jes\u00fas y Direct Relief ofrecer\u00e1n una feria de servicios.<\/h3>\n<p>Ante el inminente paso de la tormenta Ernesto, La Fondita de Jes\u00fas junto a Direct Relief estar\u00e1 hoy martes, 13 de agosto, en una Feria de servicios para personas sin hogar y\/o en riesgo de estarlo, se inform\u00f3.<\/p>\n<p>Ser\u00e1 en la Plaza L\u00f3pez Sicard\u00f3 de R\u00edo Piedras (detr\u00e1s de la Universidad de Puerto Rico, cerca de la Avenida Barbosa).<\/p>\n<p>All\u00ed la Fondita y Direct Relief de 9:00 am a 1:00 p m estar\u00e1n proveyendo servicios esenciales, alimentos y otros art\u00edculos importantes de prevenci\u00f3n. Se repartir\u00e1n capas para lluvia. En La Fondita tambi\u00e9n se repartir\u00e1n capas para lluvia y otros materiales<\/p><div class=\"notic-content-middle\" id=\"notic-4154736341\"><div class=\"notic-adlabel\">Advertisements<\/div><a data-no-instant=\"1\" href=\"https:\/\/www.asegurate-bien.com\/\" rel=\"noopener\" class=\"a2t-link\" target=\"_blank\" aria-label=\"Acodese-Adaptaciones-Noticel-300&#215;600\"><img loading=\"lazy\" decoding=\"async\" src=\"https:\/\/cdn.noticel.com\/2026\/05\/30094652\/Acodese-Adaptaciones-Noticel-300x600-1.jpg\" alt=\"\"  srcset=\"https:\/\/cdn.noticel.com\/2026\/05\/30094652\/Acodese-Adaptaciones-Noticel-300x600-1.jpg 300w, https:\/\/cdn.noticel.com\/2026\/05\/30094652\/Acodese-Adaptaciones-Noticel-300x600-1-150x300.jpg 150w, https:\/\/cdn.noticel.com\/2026\/05\/30094652\/Acodese-Adaptaciones-Noticel-300x600-1-6x12.jpg 6w\" sizes=\"(max-width: 300px) 100vw, 300px\" width=\"300\" height=\"600\"   \/><\/a><\/div>\n<p>Tambi\u00e9n se orientar\u00e1 a las personas sin hogar sobre los refugios donde podr\u00e1n pasar la tormenta y se comenzar\u00e1 a coordinar el traslado de quienes lo deseen.<\/p>\n<p>El mi\u00e9rcoles, La Fondita de Jes\u00fas brindar\u00e1 servicios en horario normal hasta las 5:00 pm y permitir\u00e1 que quienes deseen se refugien de la lluvia en el lugar.<\/p>","protected":false},"excerpt":{"rendered":"<p>La Fondita de Jes\u00fas y Direct Relief ofrecer\u00e1n una feria de servicios. Ante el inminente paso de la tormenta Ernesto, La Fondita de Jes\u00fas junto a Direct Relief estar\u00e1 hoy martes, 13 de agosto, en una Feria de servicios para personas sin hogar y\/o en riesgo de estarlo, se inform\u00f3. Ser\u00e1 en la Plaza L\u00f3pez [&hellip;]<\/p>","protected":false},"author":0,"featured_media":228066,"comment_status":"closed","ping_status":"closed","sticky":false,"template":"","format":"standard","meta":{"_acf_changed":false,"_monsterinsights_skip_tracking":false,"ep_exclude_from_search":false,"footnotes":""},"categories":[12],"tags":[],"class_list":["post-208302","post","type-post","status-publish","format-standard","has-post-thumbnail","hentry","category-la-calle"],"acf":[],"aioseo_notices":[],"_links":{"self":[{"href":"https:\/\/noticel.com\/en\/wp-json\/wp\/v2\/posts\/208302","targetHints":{"allow":["GET"]}}],"collection":[{"href":"https:\/\/noticel.com\/en\/wp-json\/wp\/v2\/posts"}],"about":[{"href":"https:\/\/noticel.com\/en\/wp-json\/wp\/v2\/types\/post"}],"replies":[{"embeddable":true,"href":"https:\/\/noticel.com\/en\/wp-json\/wp\/v2\/comments?post=208302"}],"version-history":[{"count":1,"href":"https:\/\/noticel.com\/en\/wp-json\/wp\/v2\/posts\/208302\/revisions"}],"predecessor-version":[{"id":228067,"href":"https:\/\/noticel.com\/en\/wp-json\/wp\/v2\/posts\/208302\/revisions\/228067"}],"wp:featuredmedia":[{"embeddable":true,"href":"https:\/\/noticel.com\/en\/wp-json\/wp\/v2\/media\/228066"}],"wp:attachment":[{"href":"https:\/\/noticel.com\/en\/wp-json\/wp\/v2\/media?parent=208302"}],"wp:term":[{"taxonomy":"category","embeddable":true,"href":"https:\/\/noticel.com\/en\/wp-json\/wp\/v2\/categories?post=208302"},{"taxonomy":"post_tag","embeddable":true,"href":"https:\/\/noticel.com\/en\/wp-json\/wp\/v2\/tags?post=208302"}],"curies":[{"name":"wp","href":"https:\/\/api.w.org\/{rel}","templated":true}]}}