{"id":208227,"date":"2024-08-10T10:40:07","date_gmt":"2024-08-10T14:40:07","guid":{"rendered":"https:\/\/www.noticel.com\/la-calle\/policiacas\/20240810\/muere-conductor-en-accidente-en-san-sebastian\/"},"modified":"2025-07-11T14:12:41","modified_gmt":"2025-07-11T14:12:41","slug":"muere-conductor-en-accidente-en-san-sebastian","status":"publish","type":"post","link":"https:\/\/noticel.com\/en\/noticias\/la-calle\/20240810\/muere-conductor-en-accidente-en-san-sebastian\/","title":{"rendered":"Muere conductor en accidente en San Sebasti\u00e1n"},"content":{"rendered":"<h3>Ayer por la tarde en el barrio Altozano.<\/h3>\n<p>Un hombre muri\u00f3 en un accidente de tr\u00e1nsito a eso de las 4:15 de la tarde del viernes, en la carretera PR- 109 del barrio Altozano en San Sebasti\u00e1n.<\/p>\n<p>Seg\u00fan el reporte de la Polic\u00eda, un hombre de 38 a\u00f1os, manejaba un Toyota Corolla del a\u00f1o 1991, sin licencia y a exceso de velocidad.<\/p>\n<p>Como consecuencia, perdi\u00f3 el control del volante e invadi\u00f3 el carril contrario.<\/p><div class=\"notic-content-middle\" id=\"notic-278315935\"><div class=\"notic-adlabel\">Advertisements<\/div><a data-no-instant=\"1\" href=\"https:\/\/www.asegurate-bien.com\/\" rel=\"noopener\" class=\"a2t-link\" target=\"_blank\" aria-label=\"Acodese-Adaptaciones-Noticel-970&#215;250\"><img loading=\"lazy\" decoding=\"async\" src=\"https:\/\/cdn.noticel.com\/2026\/05\/30100504\/Acodese-Adaptaciones-Noticel-970x250-1.jpg\" alt=\"\"  srcset=\"https:\/\/cdn.noticel.com\/2026\/05\/30100504\/Acodese-Adaptaciones-Noticel-970x250-1.jpg 970w, https:\/\/cdn.noticel.com\/2026\/05\/30100504\/Acodese-Adaptaciones-Noticel-970x250-1-300x77.jpg 300w, https:\/\/cdn.noticel.com\/2026\/05\/30100504\/Acodese-Adaptaciones-Noticel-970x250-1-768x198.jpg 768w, https:\/\/cdn.noticel.com\/2026\/05\/30100504\/Acodese-Adaptaciones-Noticel-970x250-1-18x5.jpg 18w\" sizes=\"(max-width: 970px) 100vw, 970px\" width=\"970\" height=\"250\"   \/><\/a><\/div>\n<p>Choc\u00f3 a otro Toyota Corolla del a\u00f1o 1994 que manejaba Wilson Cordero Caraballo, de 68 a\u00f1os, quien sal\u00eda de un establecimiento.<\/p>\n<p>Cordero Caraballo falleci\u00f3 en el lugar. Con este viajaba un menor de 12 a\u00f1os que fue transportado a un hospital del \u00e1rea y su condici\u00f3n fue descrita como estable.<\/p>\n<p>El conductor que provoc\u00f3 el accidente fue transportado a un hospital del \u00e1rea donde se le realiz\u00f3 la prueba de sangre para determinar el nivel de alcohol en su organismo.<\/p>","protected":false},"excerpt":{"rendered":"<p>Ayer por la tarde en el barrio Altozano. Un hombre muri\u00f3 en un accidente de tr\u00e1nsito a eso de las 4:15 de la tarde del viernes, en la carretera PR- 109 del barrio Altozano en San Sebasti\u00e1n. Seg\u00fan el reporte de la Polic\u00eda, un hombre de 38 a\u00f1os, manejaba un Toyota Corolla del a\u00f1o 1991, [&hellip;]<\/p>","protected":false},"author":0,"featured_media":228215,"comment_status":"closed","ping_status":"closed","sticky":false,"template":"","format":"standard","meta":{"_acf_changed":false,"_monsterinsights_skip_tracking":false,"ep_exclude_from_search":false,"footnotes":""},"categories":[12,15],"tags":[],"class_list":["post-208227","post","type-post","status-publish","format-standard","has-post-thumbnail","hentry","category-la-calle","category-policiacas"],"acf":[],"aioseo_notices":[],"_links":{"self":[{"href":"https:\/\/noticel.com\/en\/wp-json\/wp\/v2\/posts\/208227","targetHints":{"allow":["GET"]}}],"collection":[{"href":"https:\/\/noticel.com\/en\/wp-json\/wp\/v2\/posts"}],"about":[{"href":"https:\/\/noticel.com\/en\/wp-json\/wp\/v2\/types\/post"}],"replies":[{"embeddable":true,"href":"https:\/\/noticel.com\/en\/wp-json\/wp\/v2\/comments?post=208227"}],"version-history":[{"count":1,"href":"https:\/\/noticel.com\/en\/wp-json\/wp\/v2\/posts\/208227\/revisions"}],"predecessor-version":[{"id":228216,"href":"https:\/\/noticel.com\/en\/wp-json\/wp\/v2\/posts\/208227\/revisions\/228216"}],"wp:featuredmedia":[{"embeddable":true,"href":"https:\/\/noticel.com\/en\/wp-json\/wp\/v2\/media\/228215"}],"wp:attachment":[{"href":"https:\/\/noticel.com\/en\/wp-json\/wp\/v2\/media?parent=208227"}],"wp:term":[{"taxonomy":"category","embeddable":true,"href":"https:\/\/noticel.com\/en\/wp-json\/wp\/v2\/categories?post=208227"},{"taxonomy":"post_tag","embeddable":true,"href":"https:\/\/noticel.com\/en\/wp-json\/wp\/v2\/tags?post=208227"}],"curies":[{"name":"wp","href":"https:\/\/api.w.org\/{rel}","templated":true}]}}