{"id":207421,"date":"2024-07-17T19:28:23","date_gmt":"2024-07-17T23:28:23","guid":{"rendered":"https:\/\/www.noticel.com\/ahora\/gobierno\/policia\/top-stories\/20240717\/policia-atrapa-al-sospechoso-de-robarle-a-octogenaria-en-bayamon\/"},"modified":"2025-07-11T15:03:56","modified_gmt":"2025-07-11T15:03:56","slug":"policia-atrapa-al-sospechoso-de-robarle-a-octogenaria-en-bayamon","status":"publish","type":"post","link":"https:\/\/noticel.com\/en\/ultima-hora\/20240717\/policia-atrapa-al-sospechoso-de-robarle-a-octogenaria-en-bayamon\/","title":{"rendered":"Polic\u00eda atrapa al sospechoso de robarle a octogenaria en Bayam\u00f3n"},"content":{"rendered":"<h3>El hombre fue identificado como Alfredo Jes\u00fas L\u00f3pez, residente del Residencial Rafael &#8216;Fal\u00edn&#8217; Torrech de Bayam\u00f3n y fue arrestado esta tarde por el Negociado de la Polic\u00eda.<\/h3>\n<p>La indignaci\u00f3n fue tanta que la ayuda ciudadana, apoyada por una gran difusi\u00f3n de los videos en donde se muestra el vil atraco, junto a una efectiva movilizaci\u00f3n de la polic\u00eda, diera esta tarde con el paradero del sospechoso de asaltar a la fuerza a una indefensa mujer de 81 a\u00f1os en un centro comercial de Bayam\u00f3n.<\/p>\n<p>Alfredo Jes\u00fas L\u00f3pez S\u00e1nchez, de 39 a\u00f1os, lleg\u00f3 hoy hasta un cuartel en Aguas Buenas, tras recibir una enorme presi\u00f3n p\u00fablica y en especial del residencial en donde viv\u00eda, para entregarse a las autoridades quienes tambi\u00e9n le pisaban los talones desde ayer.<\/p>\n<p>El arresto de L\u00f3pez S\u00e1nchez, residente del Residencial Rafael &#8216;Fal\u00edn&#8217; Torrech de Bayam\u00f3n, fue anunciado por el comisionado de la Polic\u00eda de Puerto Rico, Antonio L\u00f3pez Figueroa.<\/p>\n<p>\u00abSe entreg\u00f3 en un cuartel en Aguas Buenas. Gracias a la difusi\u00f3n del video y de los medios, el individuo recibi\u00f3 mucha presi\u00f3n por la informaci\u00f3n difundida en el residencial donde vive. Ha admitido los hechos\u00bb, expres\u00f3 L\u00f3pez Figueroa.<\/p>\n<p>\u00abEste es un caso reprochable. Pudo haber sido la madre de cualquiera de nosotros\u00bb, agreg\u00f3.<\/p>\n<p>La se\u00f1ora Alba Moreno V\u00e9lez, de 81 a\u00f1os, fue interceptada el martes en el Bayam\u00f3n Market Place, \u00e1rea de estacionamiento del Supermercados Selectos.<\/p>\n<p>Seg\u00fan el informe inicial, se dijo que la mujer, mientras se encontraba en el lugar, fue atacada por un hombre enmascarado que se baj\u00f3 del lado del pasajero de un veh\u00edculo. El hombre se le acerc\u00f3 mediante intimidaci\u00f3n, y a la fuerza, le arrebat\u00f3 su cartera del hombro, lanz\u00e1ndola y arrastr\u00e1ndola por el pavimento.<\/p><div class=\"notic-content-middle\" id=\"notic-1199394687\"><div class=\"notic-adlabel\">Advertisements<\/div><a data-no-instant=\"1\" href=\"https:\/\/www.asegurate-bien.com\/\" rel=\"noopener\" class=\"a2t-link\" target=\"_blank\" aria-label=\"Acodese-Adaptaciones-Noticel-728&#215;90\"><img loading=\"lazy\" decoding=\"async\" src=\"https:\/\/cdn.noticel.com\/2026\/07\/30095222\/Acodese-Adaptaciones-Noticel-728x90-1.jpg\" alt=\"\"  srcset=\"https:\/\/cdn.noticel.com\/2026\/07\/30095222\/Acodese-Adaptaciones-Noticel-728x90-1.jpg 728w, https:\/\/cdn.noticel.com\/2026\/07\/30095222\/Acodese-Adaptaciones-Noticel-728x90-1-300x37.jpg 300w, https:\/\/cdn.noticel.com\/2026\/07\/30095222\/Acodese-Adaptaciones-Noticel-728x90-1-18x2.jpg 18w\" sizes=\"(max-width: 728px) 100vw, 728px\" width=\"728\" height=\"90\"   \/><\/a><\/div>\n<p>Moreno V\u00e9lez sufri\u00f3 varios golpes en el cuerpo, pero declin\u00f3 a ser llevada a una instituci\u00f3n hospitalaria.<\/p>\n<p>Los asaltantes se marcharon del lugar con la propiedad hurtada, en el interior de su cartera color crema conten\u00eda $660.00 en efectivo, su tel\u00e9fono celular, medicamentos y documentos personales.<\/p>\n<p>\u00abQue me perdonen lo que hice. Fue un error que comet\u00ed\u00bb, se le escuch\u00f3 decir a S\u00e1nchez L\u00f3pez mientras era escoltado por varios polic\u00edas.<\/p>\n<p>Las autoridades intentan tambi\u00e9n recuperar el material hurtado, as\u00ed como tambi\u00e9n dar con el paradero del individuo que manejaba el auto en el que iba alegadamente S\u00e1nchez L\u00f3pez.<\/p>\n<p>\u00abEstamos en el proceso a ver como podemos recopilar toda la informaci\u00f3n y lo hurtado\u00bb, agreg\u00f3 L\u00f3pez Figueroa.<\/p>\n<p>Seg\u00fan documentos en poder de NotiCel, S\u00e1nchez L\u00f3pez fue detenido en dos ocasiones, en 2019 y 2023, por violaciones a la Ley 8 Art\u00edculo 15, de veh\u00edculos hurtados.<\/p>\n<p>\u00abTiene r\u00e9cord criminal por veh\u00edculos hurtados y tiene una actividad criminal continua\u00bb, a\u00f1adi\u00f3.<\/p>\n<p><iframe loading=\"lazy\" src=\"https:\/\/www.facebook.com\/plugins\/video.php?height=314&#038;href=https%3A%2F%2Fwww.facebook.com%2Fnoticelpr%2Fvideos%2F1180457266415353%2F&#038;show_text=true&#038;width=560&#038;t=0\" width=\"560\" height=\"429\" style=\"border:none;overflow:hidden\" scrolling=\"no\" frameborder=\"0\" allowfullscreen=\"true\" allow=\"autoplay; clipboard-write; encrypted-media; picture-in-picture; web-share\"><\/iframe><\/p>","protected":false},"excerpt":{"rendered":"<p>El hombre fue identificado como Alfredo Jes\u00fas L\u00f3pez, residente del Residencial Rafael &#8216;Fal\u00edn&#8217; Torrech de Bayam\u00f3n y fue arrestado esta tarde por el Negociado de la Polic\u00eda. La indignaci\u00f3n fue tanta que la ayuda ciudadana, apoyada por una gran difusi\u00f3n de los videos en donde se muestra el vil atraco, junto a una efectiva movilizaci\u00f3n [&hellip;]<\/p>","protected":false},"author":0,"featured_media":229843,"comment_status":"closed","ping_status":"closed","sticky":false,"template":"","format":"standard","meta":{"_acf_changed":false,"_monsterinsights_skip_tracking":false,"ep_exclude_from_search":false,"footnotes":""},"categories":[4,2],"tags":[],"class_list":["post-207421","post","type-post","status-publish","format-standard","has-post-thumbnail","hentry","category-gobierno","category-ultima-hora"],"acf":[],"aioseo_notices":[],"_links":{"self":[{"href":"https:\/\/noticel.com\/en\/wp-json\/wp\/v2\/posts\/207421","targetHints":{"allow":["GET"]}}],"collection":[{"href":"https:\/\/noticel.com\/en\/wp-json\/wp\/v2\/posts"}],"about":[{"href":"https:\/\/noticel.com\/en\/wp-json\/wp\/v2\/types\/post"}],"replies":[{"embeddable":true,"href":"https:\/\/noticel.com\/en\/wp-json\/wp\/v2\/comments?post=207421"}],"version-history":[{"count":1,"href":"https:\/\/noticel.com\/en\/wp-json\/wp\/v2\/posts\/207421\/revisions"}],"predecessor-version":[{"id":229845,"href":"https:\/\/noticel.com\/en\/wp-json\/wp\/v2\/posts\/207421\/revisions\/229845"}],"wp:featuredmedia":[{"embeddable":true,"href":"https:\/\/noticel.com\/en\/wp-json\/wp\/v2\/media\/229843"}],"wp:attachment":[{"href":"https:\/\/noticel.com\/en\/wp-json\/wp\/v2\/media?parent=207421"}],"wp:term":[{"taxonomy":"category","embeddable":true,"href":"https:\/\/noticel.com\/en\/wp-json\/wp\/v2\/categories?post=207421"},{"taxonomy":"post_tag","embeddable":true,"href":"https:\/\/noticel.com\/en\/wp-json\/wp\/v2\/tags?post=207421"}],"curies":[{"name":"wp","href":"https:\/\/api.w.org\/{rel}","templated":true}]}}