{"id":207310,"date":"2024-07-15T07:07:56","date_gmt":"2024-07-15T11:07:56","guid":{"rendered":"https:\/\/www.noticel.com\/article\/20240715\/colombia-no-gano-pero-tuvo-al-jmv-de-la-copa-america\/"},"modified":"2025-07-11T15:11:33","modified_gmt":"2025-07-11T15:11:33","slug":"colombia-no-gano-pero-tuvo-al-jmv-de-la-copa-america","status":"publish","type":"post","link":"https:\/\/noticel.com\/en\/deportes\/20240715\/colombia-no-gano-pero-tuvo-al-jmv-de-la-copa-america\/","title":{"rendered":"Colombia no gan\u00f3, pero tuvo al JMV de la Copa Am\u00e9rica"},"content":{"rendered":"<h3>El capit\u00e1n de la escuadra cafetera James Rodr\u00edguez fue el recipiente de ese premio.<\/h3>\n<p><strong id=\"strong-adc1efd5aa36670e2c26d85f1ca4a1de\">MIAMI <\/strong>\u2014 James Rodr\u00edguez, capit\u00e1n de la subcampeona selecci\u00f3n de Colombia, gan\u00f3 este domingo el premio al mejor jugador de la Copa Am\u00e9rica.<\/p>\n<p>El 10 cafetero no tuvo su d\u00eda en la final contra Argentina pero fue el cerebro de una selecci\u00f3n cafetera que encontr\u00f3 en sus botas seis asistencias de los 12 goles que marc\u00f3 en el torneo.<\/p><div class=\"notic-content-middle\" id=\"notic-2255522302\"><div class=\"notic-adlabel\">Advertisements<\/div><a data-no-instant=\"1\" href=\"https:\/\/qrco.de\/bgxd5v\" rel=\"noopener\" class=\"a2t-link\" target=\"_blank\" aria-label=\"DisplayAds-970&#215;250\"><img loading=\"lazy\" decoding=\"async\" src=\"https:\/\/cdn.noticel.com\/2026\/09\/02200716\/DisplayAds-970x250-1.jpg\" alt=\"\"  srcset=\"https:\/\/cdn.noticel.com\/2026\/09\/02200716\/DisplayAds-970x250-1.jpg 970w, https:\/\/cdn.noticel.com\/2026\/09\/02200716\/DisplayAds-970x250-1-300x77.jpg 300w, https:\/\/cdn.noticel.com\/2026\/09\/02200716\/DisplayAds-970x250-1-768x198.jpg 768w, https:\/\/cdn.noticel.com\/2026\/09\/02200716\/DisplayAds-970x250-1-18x5.jpg 18w\" sizes=\"(max-width: 970px) 100vw, 970px\" width=\"970\" height=\"250\"   \/><\/a><\/div>\n<p>James, que tom\u00f3 el relevo de Lionel Messi como MVP de la Copa Am\u00e9rica, resurgi\u00f3 en este torneo con su mejor nivel y estuvo excepcional en la distribuci\u00f3n con seis asistencias.<\/p>\n<p>El mediapunta tambi\u00e9n recogi\u00f3 el premio al juego limpio para la selecci\u00f3n colombiana en esta Copa Am\u00e9rica.<\/p>","protected":false},"excerpt":{"rendered":"<p>El capit\u00e1n de la escuadra cafetera James Rodr\u00edguez fue el recipiente de ese premio. MIAMI \u2014 James Rodr\u00edguez, capit\u00e1n de la subcampeona selecci\u00f3n de Colombia, gan\u00f3 este domingo el premio al mejor jugador de la Copa Am\u00e9rica. El 10 cafetero no tuvo su d\u00eda en la final contra Argentina pero fue el cerebro de una [&hellip;]<\/p>","protected":false},"author":0,"featured_media":230078,"comment_status":"closed","ping_status":"closed","sticky":false,"template":"","format":"standard","meta":{"_acf_changed":false,"_monsterinsights_skip_tracking":false,"ep_exclude_from_search":false,"footnotes":""},"categories":[31,39],"tags":[],"class_list":["post-207310","post","type-post","status-publish","format-standard","has-post-thumbnail","hentry","category-deportes","category-futbol"],"acf":[],"aioseo_notices":[],"_links":{"self":[{"href":"https:\/\/noticel.com\/en\/wp-json\/wp\/v2\/posts\/207310","targetHints":{"allow":["GET"]}}],"collection":[{"href":"https:\/\/noticel.com\/en\/wp-json\/wp\/v2\/posts"}],"about":[{"href":"https:\/\/noticel.com\/en\/wp-json\/wp\/v2\/types\/post"}],"replies":[{"embeddable":true,"href":"https:\/\/noticel.com\/en\/wp-json\/wp\/v2\/comments?post=207310"}],"version-history":[{"count":1,"href":"https:\/\/noticel.com\/en\/wp-json\/wp\/v2\/posts\/207310\/revisions"}],"predecessor-version":[{"id":230079,"href":"https:\/\/noticel.com\/en\/wp-json\/wp\/v2\/posts\/207310\/revisions\/230079"}],"wp:featuredmedia":[{"embeddable":true,"href":"https:\/\/noticel.com\/en\/wp-json\/wp\/v2\/media\/230078"}],"wp:attachment":[{"href":"https:\/\/noticel.com\/en\/wp-json\/wp\/v2\/media?parent=207310"}],"wp:term":[{"taxonomy":"category","embeddable":true,"href":"https:\/\/noticel.com\/en\/wp-json\/wp\/v2\/categories?post=207310"},{"taxonomy":"post_tag","embeddable":true,"href":"https:\/\/noticel.com\/en\/wp-json\/wp\/v2\/tags?post=207310"}],"curies":[{"name":"wp","href":"https:\/\/api.w.org\/{rel}","templated":true}]}}