{"id":206610,"date":"2024-06-24T12:27:01","date_gmt":"2024-06-24T16:27:01","guid":{"rendered":"https:\/\/www.noticel.com\/ahora\/la-calle\/policiacas\/20240624\/mujer-sale-expulsada-y-muere-en-el-acto-en-accidente-de-auto-en-santa-isabel\/"},"modified":"2025-07-11T16:00:04","modified_gmt":"2025-07-11T16:00:04","slug":"mujer-sale-expulsada-y-muere-en-el-acto-en-accidente-de-auto-en-santa-isabel","status":"publish","type":"post","link":"https:\/\/noticel.com\/en\/ultima-hora\/20240624\/mujer-sale-expulsada-y-muere-en-el-acto-en-accidente-de-auto-en-santa-isabel\/","title":{"rendered":"Mujer sale expulsada y muere en el acto en accidente de auto en Santa Isabel"},"content":{"rendered":"<h3>La conductora fue transportada a un hospital del \u00e1rea, d\u00f3nde el doctor de turno certific\u00f3 su muerte.<\/h3>\n<p>Agentes del Negociado de la Polic\u00eda de Puerto Rico, investigan un accidente de car\u00e1cter fatal, reportado a las 6:40 de la ma\u00f1ana de hoy, en la carretera 52 kil\u00f3metro 78.5, en jurisdicci\u00f3n de Santa Isabel.<\/p>\n<p>Seg\u00fan la investigaci\u00f3n preliminar, mientras la conductora de una Toyota, Tacoma, a\u00f1o 2006, color gris transitaba en direcci\u00f3n de Santa Isabel a Juana Diaz, en circunstancias que se encuentran bajo investigaci\u00f3n, perdi\u00f3 el control del volante, causando que por tal motivo se volcara el veh\u00edculo, saliendo expulsada del mismo.<\/p><div class=\"notic-content-middle\" id=\"notic-2549974644\"><div class=\"notic-adlabel\">Advertisements<\/div><a data-no-instant=\"1\" href=\"https:\/\/www.asegurate-bien.com\/\" rel=\"noopener\" class=\"a2t-link\" target=\"_blank\" aria-label=\"Acodese-Adaptaciones-Noticel-300&#215;600\"><img loading=\"lazy\" decoding=\"async\" src=\"https:\/\/cdn.noticel.com\/2026\/05\/30094652\/Acodese-Adaptaciones-Noticel-300x600-1.jpg\" alt=\"\"  srcset=\"https:\/\/cdn.noticel.com\/2026\/05\/30094652\/Acodese-Adaptaciones-Noticel-300x600-1.jpg 300w, https:\/\/cdn.noticel.com\/2026\/05\/30094652\/Acodese-Adaptaciones-Noticel-300x600-1-150x300.jpg 150w, https:\/\/cdn.noticel.com\/2026\/05\/30094652\/Acodese-Adaptaciones-Noticel-300x600-1-6x12.jpg 6w\" sizes=\"(max-width: 300px) 100vw, 300px\" width=\"300\" height=\"600\"   \/><\/a><\/div>\n<p>La conductora fue transportada a un hospital del \u00e1rea, d\u00f3nde el doctor de turno certific\u00f3 su muerte.<\/p>\n<p>El Agente Rodr\u00edguez #25747 de autopistas Salinas, se hizo cargo de la investigaci\u00f3n.<\/p>","protected":false},"excerpt":{"rendered":"<p>La conductora fue transportada a un hospital del \u00e1rea, d\u00f3nde el doctor de turno certific\u00f3 su muerte. Agentes del Negociado de la Polic\u00eda de Puerto Rico, investigan un accidente de car\u00e1cter fatal, reportado a las 6:40 de la ma\u00f1ana de hoy, en la carretera 52 kil\u00f3metro 78.5, en jurisdicci\u00f3n de Santa Isabel. Seg\u00fan la investigaci\u00f3n [&hellip;]<\/p>","protected":false},"author":0,"featured_media":231522,"comment_status":"closed","ping_status":"closed","sticky":false,"template":"","format":"standard","meta":{"_acf_changed":false,"_monsterinsights_skip_tracking":false,"ep_exclude_from_search":false,"footnotes":""},"categories":[12,15,2],"tags":[],"class_list":["post-206610","post","type-post","status-publish","format-standard","has-post-thumbnail","hentry","category-la-calle","category-policiacas","category-ultima-hora"],"acf":[],"aioseo_notices":[],"_links":{"self":[{"href":"https:\/\/noticel.com\/en\/wp-json\/wp\/v2\/posts\/206610","targetHints":{"allow":["GET"]}}],"collection":[{"href":"https:\/\/noticel.com\/en\/wp-json\/wp\/v2\/posts"}],"about":[{"href":"https:\/\/noticel.com\/en\/wp-json\/wp\/v2\/types\/post"}],"replies":[{"embeddable":true,"href":"https:\/\/noticel.com\/en\/wp-json\/wp\/v2\/comments?post=206610"}],"version-history":[{"count":1,"href":"https:\/\/noticel.com\/en\/wp-json\/wp\/v2\/posts\/206610\/revisions"}],"predecessor-version":[{"id":231523,"href":"https:\/\/noticel.com\/en\/wp-json\/wp\/v2\/posts\/206610\/revisions\/231523"}],"wp:featuredmedia":[{"embeddable":true,"href":"https:\/\/noticel.com\/en\/wp-json\/wp\/v2\/media\/231522"}],"wp:attachment":[{"href":"https:\/\/noticel.com\/en\/wp-json\/wp\/v2\/media?parent=206610"}],"wp:term":[{"taxonomy":"category","embeddable":true,"href":"https:\/\/noticel.com\/en\/wp-json\/wp\/v2\/categories?post=206610"},{"taxonomy":"post_tag","embeddable":true,"href":"https:\/\/noticel.com\/en\/wp-json\/wp\/v2\/tags?post=206610"}],"curies":[{"name":"wp","href":"https:\/\/api.w.org\/{rel}","templated":true}]}}