{"id":206356,"date":"2024-06-17T07:27:19","date_gmt":"2024-06-17T11:27:19","guid":{"rendered":"https:\/\/www.noticel.com\/ahora\/la-calle\/policiacas\/20240617\/se-entrega-sospechoso-de-atropellar-mortalmente-a-ciclista-y-abandonar-la-escena\/"},"modified":"2025-07-11T16:17:26","modified_gmt":"2025-07-11T16:17:26","slug":"se-entrega-sospechoso-de-atropellar-mortalmente-a-ciclista-y-abandonar-la-escena","status":"publish","type":"post","link":"https:\/\/noticel.com\/en\/ultima-hora\/20240617\/se-entrega-sospechoso-de-atropellar-mortalmente-a-ciclista-y-abandonar-la-escena\/","title":{"rendered":"Se entrega sospechoso de atropellar mortalmente a ciclista y abandonar la escena"},"content":{"rendered":"<h3>Seg\u00fan el reporte de la Polic\u00eda, el sujeto lleg\u00f3 con familiares, fue entrevistado y fue citado oficialmente para este pr\u00f3ximo martes, 18 de junio.<\/h3>\n<p>FLORIDA \u2014 Un joven de 22 a\u00f1os y residente de Florida sospechosa del accidente con ciclista, en la carretera PR-2 en el kil\u00f3metro 57.4 en Barceloneta se entreg\u00f3 en la tarde del domingo el cuartel de Florida.<\/p>\n<p>Seg\u00fan el reporte de la Polic\u00eda, el sujeto lleg\u00f3 con familiares, fue entrevistado y fue citado oficialmente para este pr\u00f3ximo martes, 18 de junio.<\/p>\n<p>El auto involucrado, una guagua pick up Mazda B-2300 de color blanca del a\u00f1o 2006, fue ocupada por la Polic\u00eda.<\/p><div class=\"notic-content-middle\" id=\"notic-2425989178\"><div class=\"notic-adlabel\">Advertisements<\/div><a data-no-instant=\"1\" href=\"https:\/\/qrco.de\/bgxd5v\" rel=\"noopener\" class=\"a2t-link\" target=\"_blank\" aria-label=\"image002\"><img loading=\"lazy\" decoding=\"async\" src=\"https:\/\/cdn.noticel.com\/2026\/09\/04152516\/image002.jpg\" alt=\"\"  srcset=\"https:\/\/cdn.noticel.com\/2026\/09\/04152516\/image002.jpg 288w, https:\/\/cdn.noticel.com\/2026\/09\/04152516\/image002-14x12.jpg 14w\" sizes=\"(max-width: 288px) 100vw, 288px\" width=\"288\" height=\"240\"   \/><\/a><\/div>\n<p>El ciclista atropellado fue identificado como  Linuel Renel Ramos Flores, de 41 a\u00f1os, y expolic\u00eda de la guardia municipal de Barceloneta y Manat\u00ed.<\/p>\n<p>La agente Rita Rosado V\u00e9lez adscrita a la divisi\u00f3n Homicidios del Cuerpo de Investigaciones Criminales, de Arecibo y la fiscal Ilia Reichard Moran, investigan.<\/p>","protected":false},"excerpt":{"rendered":"<p>Seg\u00fan el reporte de la Polic\u00eda, el sujeto lleg\u00f3 con familiares, fue entrevistado y fue citado oficialmente para este pr\u00f3ximo martes, 18 de junio. FLORIDA \u2014 Un joven de 22 a\u00f1os y residente de Florida sospechosa del accidente con ciclista, en la carretera PR-2 en el kil\u00f3metro 57.4 en Barceloneta se entreg\u00f3 en la tarde [&hellip;]<\/p>","protected":false},"author":0,"featured_media":232055,"comment_status":"closed","ping_status":"closed","sticky":false,"template":"","format":"standard","meta":{"_acf_changed":false,"_monsterinsights_skip_tracking":false,"ep_exclude_from_search":false,"footnotes":""},"categories":[12,15,2],"tags":[],"class_list":["post-206356","post","type-post","status-publish","format-standard","has-post-thumbnail","hentry","category-la-calle","category-policiacas","category-ultima-hora"],"acf":[],"aioseo_notices":[],"_links":{"self":[{"href":"https:\/\/noticel.com\/en\/wp-json\/wp\/v2\/posts\/206356","targetHints":{"allow":["GET"]}}],"collection":[{"href":"https:\/\/noticel.com\/en\/wp-json\/wp\/v2\/posts"}],"about":[{"href":"https:\/\/noticel.com\/en\/wp-json\/wp\/v2\/types\/post"}],"replies":[{"embeddable":true,"href":"https:\/\/noticel.com\/en\/wp-json\/wp\/v2\/comments?post=206356"}],"version-history":[{"count":1,"href":"https:\/\/noticel.com\/en\/wp-json\/wp\/v2\/posts\/206356\/revisions"}],"predecessor-version":[{"id":232056,"href":"https:\/\/noticel.com\/en\/wp-json\/wp\/v2\/posts\/206356\/revisions\/232056"}],"wp:featuredmedia":[{"embeddable":true,"href":"https:\/\/noticel.com\/en\/wp-json\/wp\/v2\/media\/232055"}],"wp:attachment":[{"href":"https:\/\/noticel.com\/en\/wp-json\/wp\/v2\/media?parent=206356"}],"wp:term":[{"taxonomy":"category","embeddable":true,"href":"https:\/\/noticel.com\/en\/wp-json\/wp\/v2\/categories?post=206356"},{"taxonomy":"post_tag","embeddable":true,"href":"https:\/\/noticel.com\/en\/wp-json\/wp\/v2\/tags?post=206356"}],"curies":[{"name":"wp","href":"https:\/\/api.w.org\/{rel}","templated":true}]}}