{"id":205573,"date":"2024-05-25T06:00:00","date_gmt":"2024-05-25T10:00:00","guid":{"rendered":"https:\/\/www.noticel.com\/?post_type=article&#038;p=205573"},"modified":"2025-07-11T17:16:33","modified_gmt":"2025-07-11T17:16:33","slug":"wipr-confirma-proceso-de-negociacion-para-espacios-para-procuradora-de-la-mujer","status":"publish","type":"post","link":"https:\/\/noticel.com\/en\/ultima-hora\/20240525\/wipr-confirma-proceso-de-negociacion-para-espacios-para-procuradora-de-la-mujer\/","title":{"rendered":"WIPR confirma proceso de negociaci\u00f3n para espacios para Procuradora de la Mujer"},"content":{"rendered":"<h3>Para el desarrollo de c\u00e1psulas informativas sobre el problema de la violencia contra la mujer.<\/h3>\n<p>El nuevo presidente de WIPR, Jorge E. Pag\u00e1n, inform\u00f3 que dicha televisora est\u00e1 en conversaciones con la Procuradora de la Mujer, Madeline Berm\u00fadez Sanabria, para el desarrollo de c\u00e1psulas informativas sobre el problema de la violencia contra la mujer.<\/p>\n<p>El funcionario ofreci\u00f3 la informaci\u00f3n luego que se public\u00f3 que la Comisi\u00f3n de Asuntos de la Mujer de la C\u00e1mara de Representantes recomend\u00f3 favorablemente la aprobaci\u00f3n de un proyecto senatorial que otorga  tiempo gratuito a la Oficina de la Procuradora de las Mujeres en la programaci\u00f3n de WIPR,  para educar a la ciudadan\u00eda sobre dicho problema.<\/p>\n<p>Expres\u00f3 Pag\u00e1n en declaraciones escritas que recientemente se aprob\u00f3 el Proyecto del Senado 886, que autoriza un espacio de orientaci\u00f3n a trav\u00e9s de WIPR a la mencionada Oficina y resalt\u00f3 que en el informe positivo de la comisi\u00f3n cameral se indica que la medida ten\u00eda oposici\u00f3n del pasado presidente de la estaci\u00f3n.<\/p>\n<p>\u201cPor ello es importante informar que previo a su aprobaci\u00f3n\u2026la Procuradora de la Mujer, Madeline Berm\u00fadez Sanabria y este servidor estamos en pleno proceso del desarrollo de unas c\u00e1psulas informativas\u201d<\/p>\n<p>Indic\u00f3 que ello sera en adici\u00f3n de la participaci\u00f3n semanal de la Procuradur\u00eda en programas televisivos como Un Buen D\u00eda y Aqu\u00ed Estamos para llevar el mensaje contra la violencia de g\u00e9nero y otros temas importantes para el bienestar de la mujer.<\/p>\n<p>\u201cEstamos abiertos a trabajar en equipo todos estos temas que sean de relevancia para ayudar, informar y brindar herramientas a nuestra gente y a la comunidad a la que servimos\u201d, expres\u00f3 Pag\u00e1n.<\/p>\n<p>Las expresiones contrarias a la aprobaci\u00f3n del proyecto las hizo el pasado presidente de la Corporaci\u00f3n para la Difusi\u00f3n P\u00fablica, Eric G. Delgado, en un memorial que someti\u00f3 al Senado cuando se analizaba la medida.<\/p>\n<p>En esa ocasi\u00f3n, sin embargo, este expres\u00f3 que estar\u00edan dispuestos a realizar alianzas con la Oficina de la Procuradora para promover la informaci\u00f3n educativa.<\/p>\n<p>La objeci\u00f3n que plante\u00f3 Delgado al Senado fue que el Art\u00edculo de la Ley que se propone enmendar en el proyecto ya provee para que la Corporaci\u00f3n le conceda trato preferencial y especial a la Oficina de la Procuradora de la Mujer, como a otras entidades gubernamentales en cuanto a tiempo, horario y precio, entre otros.<\/p>\n<p>Pag\u00e1n fue designado al cargo el pasado mes diciembre por la Junta de Directores de la Corporaci\u00f3n y expres\u00f3 entonces su intenci\u00f3n de llevar a WIPR en el camino de la modernizaci\u00f3n, con la misi\u00f3n educativa y cultural como norte.<\/p>\n<p>Historia relacionada: <a href=\"https:\/\/noticel.com\/en\/legislatura\/ahora\/top-stories\/20240523\/comision-cameral-aprueba-espacio-de-orientacion-a-procuradoras-de-las-mujeres-en-wipr\/\" id=\"link-c4e47aa6a6f03684c72dc4f2140db1cb\">Comisi\u00f3n cameral aprueba espacio de orientaci\u00f3n a Procuradoras de las Mujeres en WIPR<\/a><\/p>","protected":false},"excerpt":{"rendered":"<p>Para el desarrollo de c\u00e1psulas informativas sobre el problema de la violencia contra la mujer. El nuevo presidente de WIPR, Jorge E. Pag\u00e1n, inform\u00f3 que dicha televisora est\u00e1 en conversaciones con la Procuradora de la Mujer, Madeline Berm\u00fadez Sanabria, para el desarrollo de c\u00e1psulas informativas sobre el problema de la violencia contra la mujer. El [&hellip;]<\/p>","protected":false},"author":0,"featured_media":233753,"comment_status":"closed","ping_status":"closed","sticky":false,"template":"","format":"standard","meta":{"_acf_changed":false,"_monsterinsights_skip_tracking":false,"ep_exclude_from_search":false,"footnotes":""},"categories":[4,2],"tags":[],"class_list":["post-205573","post","type-post","status-publish","format-standard","has-post-thumbnail","hentry","category-gobierno","category-ultima-hora"],"acf":[],"aioseo_notices":[],"_links":{"self":[{"href":"https:\/\/noticel.com\/en\/wp-json\/wp\/v2\/posts\/205573","targetHints":{"allow":["GET"]}}],"collection":[{"href":"https:\/\/noticel.com\/en\/wp-json\/wp\/v2\/posts"}],"about":[{"href":"https:\/\/noticel.com\/en\/wp-json\/wp\/v2\/types\/post"}],"replies":[{"embeddable":true,"href":"https:\/\/noticel.com\/en\/wp-json\/wp\/v2\/comments?post=205573"}],"version-history":[{"count":1,"href":"https:\/\/noticel.com\/en\/wp-json\/wp\/v2\/posts\/205573\/revisions"}],"predecessor-version":[{"id":233754,"href":"https:\/\/noticel.com\/en\/wp-json\/wp\/v2\/posts\/205573\/revisions\/233754"}],"wp:featuredmedia":[{"embeddable":true,"href":"https:\/\/noticel.com\/en\/wp-json\/wp\/v2\/media\/233753"}],"wp:attachment":[{"href":"https:\/\/noticel.com\/en\/wp-json\/wp\/v2\/media?parent=205573"}],"wp:term":[{"taxonomy":"category","embeddable":true,"href":"https:\/\/noticel.com\/en\/wp-json\/wp\/v2\/categories?post=205573"},{"taxonomy":"post_tag","embeddable":true,"href":"https:\/\/noticel.com\/en\/wp-json\/wp\/v2\/tags?post=205573"}],"curies":[{"name":"wp","href":"https:\/\/api.w.org\/{rel}","templated":true}]}}