{"id":205340,"date":"2024-05-18T09:48:02","date_gmt":"2024-05-18T13:48:02","guid":{"rendered":"https:\/\/www.noticel.com\/la-calle\/policiacas\/20240518\/lo-matan-a-tiros-en-su-casa-en-salinas\/"},"modified":"2025-07-11T17:36:25","modified_gmt":"2025-07-11T17:36:25","slug":"lo-matan-a-tiros-en-su-casa-en-salinas","status":"publish","type":"post","link":"https:\/\/noticel.com\/en\/noticias\/la-calle\/20240518\/lo-matan-a-tiros-en-su-casa-en-salinas\/","title":{"rendered":"Lo matan a tiros en su casa en Salinas"},"content":{"rendered":"<h3>Anoche en las Parcelas V\u00e1zquez.<\/h3>\n<p>La Polic\u00eda inform\u00f3 que agentes, adscritos al distrito de Salinas, investigaron un asesinato ocurrido a las 9:49 de la noche del viernes en la calle 1, del barrio Parcelas V\u00e1zquez en Salinas.<\/p>\n<p>Seg\u00fan se informa, una llamada al Sistema de Emergencias 9-1-1 alert\u00f3 a la Polic\u00eda sobre un herido de bala. Al llegar, la querellante indic\u00f3 que mientras se encontraba durmiendo en su residencia, escuch\u00f3 varias detonaciones. Al verificar en el segundo piso del lugar, encontr\u00f3 a su hijo, Jos\u00e9 Arnaldo Carattini Rodr\u00edguez, de 37 a\u00f1os, tirado en el suelo de la sala con varias heridas de bala. Carattini Rodr\u00edguez fue transportado a un hospital del \u00e1rea, donde el m\u00e9dico de turno certific\u00f3 su muerte.<\/p><div class=\"notic-content-middle\" id=\"notic-103703220\"><div class=\"notic-adlabel\">Advertisements<\/div><img loading=\"lazy\" decoding=\"async\" src=\"https:\/\/cdn.noticel.com\/2026\/09\/02203441\/728x90.jpg\" alt=\"\"  srcset=\"https:\/\/cdn.noticel.com\/2026\/09\/02203441\/728x90.jpg 728w, https:\/\/cdn.noticel.com\/2026\/09\/02203441\/728x90-300x37.jpg 300w, https:\/\/cdn.noticel.com\/2026\/09\/02203441\/728x90-18x2.jpg 18w\" sizes=\"(max-width: 728px) 100vw, 728px\" width=\"728\" height=\"90\"   \/><\/div>\n<p>El caso fue referido al Cuerpo de Investigaciones Criminales (CIC) de Guayama, quienes junto con la fiscal Sheila Santisteban, se hicieron cargo de la investigaci\u00f3n.<\/p>\n<p>La Uniformada exhort\u00f3 a la ciudadan\u00eda a proporcionar cualquier informaci\u00f3n que ayude al esclarecimiento de este caso, pueden llamar a la l\u00ednea confidencial del Negociado de la Polic\u00eda de Puerto Rico al 787-343-2020. Tambi\u00e9n pueden contactar a trav\u00e9s de X (antes Twitter) en @PRPDNoticias o en Facebook en www.facebook.com\/prpdgov.<\/p>","protected":false},"excerpt":{"rendered":"<p>Anoche en las Parcelas V\u00e1zquez. La Polic\u00eda inform\u00f3 que agentes, adscritos al distrito de Salinas, investigaron un asesinato ocurrido a las 9:49 de la noche del viernes en la calle 1, del barrio Parcelas V\u00e1zquez en Salinas. Seg\u00fan se informa, una llamada al Sistema de Emergencias 9-1-1 alert\u00f3 a la Polic\u00eda sobre un herido de [&hellip;]<\/p>","protected":false},"author":0,"featured_media":234289,"comment_status":"closed","ping_status":"closed","sticky":false,"template":"","format":"standard","meta":{"_acf_changed":false,"_monsterinsights_skip_tracking":false,"ep_exclude_from_search":false,"footnotes":""},"categories":[12,15],"tags":[],"class_list":["post-205340","post","type-post","status-publish","format-standard","has-post-thumbnail","hentry","category-la-calle","category-policiacas"],"acf":[],"aioseo_notices":[],"_links":{"self":[{"href":"https:\/\/noticel.com\/en\/wp-json\/wp\/v2\/posts\/205340","targetHints":{"allow":["GET"]}}],"collection":[{"href":"https:\/\/noticel.com\/en\/wp-json\/wp\/v2\/posts"}],"about":[{"href":"https:\/\/noticel.com\/en\/wp-json\/wp\/v2\/types\/post"}],"replies":[{"embeddable":true,"href":"https:\/\/noticel.com\/en\/wp-json\/wp\/v2\/comments?post=205340"}],"version-history":[{"count":1,"href":"https:\/\/noticel.com\/en\/wp-json\/wp\/v2\/posts\/205340\/revisions"}],"predecessor-version":[{"id":234290,"href":"https:\/\/noticel.com\/en\/wp-json\/wp\/v2\/posts\/205340\/revisions\/234290"}],"wp:featuredmedia":[{"embeddable":true,"href":"https:\/\/noticel.com\/en\/wp-json\/wp\/v2\/media\/234289"}],"wp:attachment":[{"href":"https:\/\/noticel.com\/en\/wp-json\/wp\/v2\/media?parent=205340"}],"wp:term":[{"taxonomy":"category","embeddable":true,"href":"https:\/\/noticel.com\/en\/wp-json\/wp\/v2\/categories?post=205340"},{"taxonomy":"post_tag","embeddable":true,"href":"https:\/\/noticel.com\/en\/wp-json\/wp\/v2\/tags?post=205340"}],"curies":[{"name":"wp","href":"https:\/\/api.w.org\/{rel}","templated":true}]}}