{"id":204600,"date":"2024-04-24T17:44:20","date_gmt":"2024-04-24T21:44:20","guid":{"rendered":"https:\/\/www.noticel.com\/ahora\/top-stories\/tribunales\/20240424\/familia-de-mujer-asesinada-se-prepara-para-demandar-al-estado\/"},"modified":"2025-07-11T18:29:58","modified_gmt":"2025-07-11T18:29:58","slug":"familia-de-mujer-asesinada-se-prepara-para-demandar-al-estado","status":"publish","type":"post","link":"https:\/\/noticel.com\/en\/ultima-hora\/20240424\/familia-de-mujer-asesinada-se-prepara-para-demandar-al-estado\/","title":{"rendered":"Familia de mujer asesinada se prepara para demandar al estado"},"content":{"rendered":"<h3>Seg\u00fan la investigaci\u00f3n realizada por NotiCel, familiares de Ivette Joan Mel\u00e9ndez Vega, mujer asesinada el pasado domingo en Manat\u00ed, se aprestan a iniciar una acci\u00f3n legal que incluso pudieran llevar al foro federal.<\/h3>\n<p>La muerte de Ivette Joan Mel\u00e9ndez Vega, mujer de 56 a\u00f1os que fue asesinada el pasado domingo en Manat\u00ed a manos del convicto Hermes \u00abHarry\u00bb \u00c1vila V\u00e1zquez, no quedar\u00e1 impune. Su familia buscar\u00e1 que se haga justicia a toda costa.<\/p>\n<p>Como parte de la investigaci\u00f3n que realiza <strong id=\"strong-f4b339841ead77cd69248db586401b83\">NotiCel<\/strong>, se supo que los familiares de Mel\u00e9ndez Vega se alistan para demandar al gobierno de Puerto Rico.<\/p>\n<p>Este diario digital supo que ser\u00e1n representados por la abogada especialista en estos temas y exfiscal, Mayra L\u00f3pez Mulero.<\/p>\n<p>\u00abEsta familia est\u00e1 devastada. Estamos en una etapa de explicarle los tr\u00e1mites de este proceso. Est\u00e1n consternados por esta situaci\u00f3n, por lo que por ahora la prioridad es de car\u00e1cter humano. Hay una familia que est\u00e1 exigiendo explicaciones, con raz\u00f3n\u00bb, dijo L\u00f3pez Mulero.<\/p>\n<p>Esa demanda podr\u00eda incluir oficiales del Departamento de Correcci\u00f3n y Rehabilitaci\u00f3n (DCR) y la empresa Physician Correctional, compa\u00f1\u00eda a la cual \u00c1vila V\u00e1zquez \u2014un convicto con cadena perpetua por el vil asesinato de una mujer en Caguas en 2005\u2014 logr\u00f3 convencer para obtener una silla de ruedas, una silla el\u00e9ctrica y una cama de posiciones para poder vivir sus \u00faltimos d\u00edas en la libre comunidad seg\u00fan lo permite la Ley 25 de 1992.<\/p>\n<p>Las convicciones de \u00c1vila V\u00e1zquez, de 52 a\u00f1os, fueron en los a\u00f1os 1991, 2004, 2005. Todas ligadas a sodom\u00eda, violaci\u00f3n y asesinato. Ahora en el 2024 est\u00e1 acusado de otro asesinato, el de Mel\u00e9ndez Vega.<\/p>\n<p>La secretaria del DCR, Ana Escobar, confirm\u00f3 el lunes que \u00c1vila V\u00e1zquez convenci\u00f3 al panel de m\u00e9dicos de Physician Correctional, mientras que el secretario de Justicia, Domingo Emanuelli, dijo que esperar\u00e1 que correcci\u00f3n culmine la pesquisa interna en torno a las circunstancias en la que fue liberado el asesino.<\/p>\n<p>Historia relacionada: <a href=\"https:\/\/noticel.com\/en\/tribunales\/ahora\/top-stories\/20240424\/correccion-habia-determinado-en-2016-que-hermes-avila-no-era-un-enfermo-terminal\/\" id=\"link-5b6795a5cf426fc1a22b804a31196d23\">Correcci\u00f3n hab\u00eda determinado en 2016 que Hermes \u00c1vila no era un enfermo terminal<\/a><\/p>\n<p>El martes, el DCR tambi\u00e9n anunci\u00f3 que una enfermera de profesi\u00f3n que da servicios en el centro penal de Bayam\u00f3n y que alegadamente tuvo una relaci\u00f3n sentimental con \u00c1vila V\u00e1zquez, fue movida de su lugar de trabajo para evitar el contacto de esta con el convicto ante las nuevas acusaciones que enfrenta.<\/p><div class=\"notic-content-middle\" id=\"notic-1611164966\"><div class=\"notic-adlabel\">Advertisements<\/div><a data-no-instant=\"1\" href=\"https:\/\/www.asegurate-bien.com\/\" rel=\"noopener\" class=\"a2t-link\" target=\"_blank\" aria-label=\"Acodese-Adaptaciones-Noticel-300&#215;250\"><img loading=\"lazy\" decoding=\"async\" src=\"https:\/\/cdn.noticel.com\/2026\/05\/30094423\/Acodese-Adaptaciones-Noticel-300x250-1.jpg\" alt=\"\"  srcset=\"https:\/\/cdn.noticel.com\/2026\/05\/30094423\/Acodese-Adaptaciones-Noticel-300x250-1.jpg 300w, https:\/\/cdn.noticel.com\/2026\/05\/30094423\/Acodese-Adaptaciones-Noticel-300x250-1-14x12.jpg 14w\" sizes=\"(max-width: 300px) 100vw, 300px\" width=\"300\" height=\"250\"   \/><\/a><\/div>\n<p>Hoy el gobernador Pedro Pierluisi reiter\u00f3 que el DCR investigar\u00e1 el caso administrativamente y que, si encuentra que se cometi\u00f3 un delito, referir\u00e1 el asunto al Departamento de Justicia.<\/p>\n<p>\u201cEl secretario de Justicia dijo ya que est\u00e1n en espera del informe que se emita luego de la investigaci\u00f3n administrativa. Yo s\u00e9 que la secretaria va a atender ese asunto con la mayor urgencia, pero el primer paso es hacer la investigaci\u00f3n administrativa y entonces ya Justicia dijo que espera recibir el resultado de esa investigaci\u00f3n para entonces determinarse, hay que radicarle cargos a alguien ante los tribunales\u201d, dijo el gobernador.<\/p>\n<p>Pierluisi dijo que era prematuro hablar sobre si cancelar\u00eda el contrato de Physician Correctional a la luz de lo que ha sucedido en este caso, y en el pasado.<\/p>\n<p>\u201cNo. Esas decisiones, esas decisiones las toma la secretaria, pero no se debe uno estar aventurando de esa manera, o sea, esto es un caso en particular, ese objeto de investigaci\u00f3n. Habr\u00e1 que ver qui\u00e9n fall\u00f3 y estar adjudicando responsabilidad en este momento no es correcto. Es importante que primero se haga esa investigaci\u00f3n administrativa y se haga el referido a Justicia si es que se percibe que pueda haber alguna acci\u00f3n delictiva, pero no nos debemos adelantar a los eventos, hay que ver exactamente qu\u00e9 fue lo que pas\u00f3 aqu\u00ed. Obviamente ya salieron los propios medios que hubo un panel de m\u00e9dicos que habl\u00f3 este caso, vamos a ver qu\u00e9 fue lo que se evalu\u00f3, todo eso para eso es la investigaci\u00f3n administrativa\u201d, apunt\u00f3.<\/p>\n<p>\u00c1vila V\u00e1zquez cumpl\u00eda una condena por asesinato de 122 a\u00f1os en primer grado de 2005, y recibi\u00f3 un pase extendido en abril de 2023 bajo el alegato de que sus condiciones de salud no le permit\u00edan funcionar como una persona normal.<\/p>\n<p>Aleg\u00f3 una enfermedad terminal y luego inform\u00f3 a personas cercanas que su salud hab\u00eda mejorado sustancialmente. Tambi\u00e9n indic\u00f3 que se imposibilitaba caminar, pero se le observ\u00f3 caminando sin problemas.<\/p>\n<p>El cuerpo de Ivette Joan fue expuesto en capilla ardiente el jueves en Vega Baja.<\/p>\n<p>Historia relacionada: <a href=\"https:\/\/noticel.com\/en\/policiacas\/la-calle\/ahora\/top-stories\/20240424\/asesino-de-mujer-en-vega-baja-fue-un-tipico-psicopata-y-maestro-del-engano\/\" id=\"link-e7ab0a77557d4e0af0976a310d0246e5\">Asesino de mujer en Vega Baja, fue un t\u00edpico psic\u00f3pata y maestro del enga\u00f1o<\/a><\/p>","protected":false},"excerpt":{"rendered":"<p>Seg\u00fan la investigaci\u00f3n realizada por NotiCel, familiares de Ivette Joan Mel\u00e9ndez Vega, mujer asesinada el pasado domingo en Manat\u00ed, se aprestan a iniciar una acci\u00f3n legal que incluso pudieran llevar al foro federal. La muerte de Ivette Joan Mel\u00e9ndez Vega, mujer de 56 a\u00f1os que fue asesinada el pasado domingo en Manat\u00ed a manos del [&hellip;]<\/p>","protected":false},"author":0,"featured_media":235867,"comment_status":"closed","ping_status":"closed","sticky":false,"template":"","format":"standard","meta":{"_acf_changed":false,"_monsterinsights_skip_tracking":false,"ep_exclude_from_search":false,"footnotes":""},"categories":[13,2],"tags":[],"class_list":["post-204600","post","type-post","status-publish","format-standard","has-post-thumbnail","hentry","category-tribunales","category-ultima-hora"],"acf":[],"aioseo_notices":[],"_links":{"self":[{"href":"https:\/\/noticel.com\/en\/wp-json\/wp\/v2\/posts\/204600","targetHints":{"allow":["GET"]}}],"collection":[{"href":"https:\/\/noticel.com\/en\/wp-json\/wp\/v2\/posts"}],"about":[{"href":"https:\/\/noticel.com\/en\/wp-json\/wp\/v2\/types\/post"}],"replies":[{"embeddable":true,"href":"https:\/\/noticel.com\/en\/wp-json\/wp\/v2\/comments?post=204600"}],"version-history":[{"count":1,"href":"https:\/\/noticel.com\/en\/wp-json\/wp\/v2\/posts\/204600\/revisions"}],"predecessor-version":[{"id":235868,"href":"https:\/\/noticel.com\/en\/wp-json\/wp\/v2\/posts\/204600\/revisions\/235868"}],"wp:featuredmedia":[{"embeddable":true,"href":"https:\/\/noticel.com\/en\/wp-json\/wp\/v2\/media\/235867"}],"wp:attachment":[{"href":"https:\/\/noticel.com\/en\/wp-json\/wp\/v2\/media?parent=204600"}],"wp:term":[{"taxonomy":"category","embeddable":true,"href":"https:\/\/noticel.com\/en\/wp-json\/wp\/v2\/categories?post=204600"},{"taxonomy":"post_tag","embeddable":true,"href":"https:\/\/noticel.com\/en\/wp-json\/wp\/v2\/tags?post=204600"}],"curies":[{"name":"wp","href":"https:\/\/api.w.org\/{rel}","templated":true}]}}