{"id":204414,"date":"2024-04-18T06:28:46","date_gmt":"2024-04-18T10:28:46","guid":{"rendered":"https:\/\/www.noticel.com\/article\/20240418\/se-espera-una-manana-lluviosa\/"},"modified":"2025-07-11T18:42:23","modified_gmt":"2025-07-11T18:42:23","slug":"se-espera-una-manana-lluviosa","status":"publish","type":"post","link":"https:\/\/noticel.com\/en\/el-tiempo\/20240418\/se-espera-una-manana-lluviosa\/","title":{"rendered":"Se espera una ma\u00f1ana lluviosa"},"content":{"rendered":"<h3>Particularmente en el \u00e1rea de Trujillo Alto.<\/h3>\n<p>Un evento de lluvia se desarrollar\u00e1 durante la ma\u00f1ana sobre Puerto Rico y las Islas V\u00edrgenes y se espera que hasta una pulgada de precipitaci\u00f3n caiga sobre Trujillo Alto y zonas cercanas.<\/p>\n<p>El viento ha aminorado y se ha tornado menos variable, con velocidades de tres millas por hora.<\/p><div class=\"notic-content-middle\" id=\"notic-800713102\"><div class=\"notic-adlabel\">Advertisements<\/div><a data-no-instant=\"1\" href=\"https:\/\/qrco.de\/bgxd5v\" rel=\"noopener\" class=\"a2t-link\" target=\"_blank\" aria-label=\"DisplayAd-970&#215;902\"><img loading=\"lazy\" decoding=\"async\" src=\"https:\/\/cdn.noticel.com\/2026\/09\/02200210\/DisplayAd-970x902-1.jpg\" alt=\"\"  srcset=\"https:\/\/cdn.noticel.com\/2026\/09\/02200210\/DisplayAd-970x902-1.jpg 970w, https:\/\/cdn.noticel.com\/2026\/09\/02200210\/DisplayAd-970x902-1-300x28.jpg 300w, https:\/\/cdn.noticel.com\/2026\/09\/02200210\/DisplayAd-970x902-1-768x71.jpg 768w, https:\/\/cdn.noticel.com\/2026\/09\/02200210\/DisplayAd-970x902-1-18x2.jpg 18w\" sizes=\"(max-width: 970px) 100vw, 970px\" width=\"970\" height=\"90\"   \/><\/a><\/div>\n<p>Las fuertes lluvias de ayer provocaron que el R\u00edo Grande de Manat\u00ed y el R\u00edo Cibuco, en Vega Baja, se desbordaran, causando inundaciones en carreteras cercanas.<\/p>\n<p>Durante la noche las condiciones deber\u00e1n mejorar.<\/p>","protected":false},"excerpt":{"rendered":"<p>Particularmente en el \u00e1rea de Trujillo Alto. Un evento de lluvia se desarrollar\u00e1 durante la ma\u00f1ana sobre Puerto Rico y las Islas V\u00edrgenes y se espera que hasta una pulgada de precipitaci\u00f3n caiga sobre Trujillo Alto y zonas cercanas. El viento ha aminorado y se ha tornado menos variable, con velocidades de tres millas por [&hellip;]<\/p>","protected":false},"author":0,"featured_media":236248,"comment_status":"closed","ping_status":"closed","sticky":false,"template":"","format":"standard","meta":{"_acf_changed":false,"_monsterinsights_skip_tracking":false,"ep_exclude_from_search":false,"footnotes":""},"categories":[18],"tags":[],"class_list":["post-204414","post","type-post","status-publish","format-standard","has-post-thumbnail","hentry","category-el-tiempo"],"acf":[],"aioseo_notices":[],"_links":{"self":[{"href":"https:\/\/noticel.com\/en\/wp-json\/wp\/v2\/posts\/204414","targetHints":{"allow":["GET"]}}],"collection":[{"href":"https:\/\/noticel.com\/en\/wp-json\/wp\/v2\/posts"}],"about":[{"href":"https:\/\/noticel.com\/en\/wp-json\/wp\/v2\/types\/post"}],"replies":[{"embeddable":true,"href":"https:\/\/noticel.com\/en\/wp-json\/wp\/v2\/comments?post=204414"}],"version-history":[{"count":1,"href":"https:\/\/noticel.com\/en\/wp-json\/wp\/v2\/posts\/204414\/revisions"}],"predecessor-version":[{"id":236249,"href":"https:\/\/noticel.com\/en\/wp-json\/wp\/v2\/posts\/204414\/revisions\/236249"}],"wp:featuredmedia":[{"embeddable":true,"href":"https:\/\/noticel.com\/en\/wp-json\/wp\/v2\/media\/236248"}],"wp:attachment":[{"href":"https:\/\/noticel.com\/en\/wp-json\/wp\/v2\/media?parent=204414"}],"wp:term":[{"taxonomy":"category","embeddable":true,"href":"https:\/\/noticel.com\/en\/wp-json\/wp\/v2\/categories?post=204414"},{"taxonomy":"post_tag","embeddable":true,"href":"https:\/\/noticel.com\/en\/wp-json\/wp\/v2\/tags?post=204414"}],"curies":[{"name":"wp","href":"https:\/\/api.w.org\/{rel}","templated":true}]}}