{"id":204235,"date":"2024-04-12T09:00:00","date_gmt":"2024-04-12T13:00:00","guid":{"rendered":"https:\/\/www.noticel.com\/?post_type=article&#038;p=204235"},"modified":"2025-07-11T18:55:41","modified_gmt":"2025-07-11T18:55:41","slug":"publican-glosario-energetico-para-promover-participacion-en-el-cambio-energetico","status":"publish","type":"post","link":"https:\/\/noticel.com\/en\/ultima-hora\/20240412\/publican-glosario-energetico-para-promover-participacion-en-el-cambio-energetico\/","title":{"rendered":"Publican \u201cGlosario Energ\u00e9tico\u201d para promover participaci\u00f3n en el cambio energ\u00e9tico"},"content":{"rendered":"<h3>Su publicaci\u00f3n coincidi\u00f3 con el aniversario de la Ley de Pol\u00edtica P\u00fablica Energ\u00e9tica.<\/h3>\n<p>Est\u00e1 ya disponible para todo el p\u00fablico el \u201cGlosario Energ\u00e9tico\u201d, una herramienta educativa dise\u00f1ada para promover la participaci\u00f3n ciudadana en la transformaci\u00f3n del sistema energ\u00e9tico de Puerto Rico.<\/p>\n<p>La publicaci\u00f3n de este novel proyecto estuvo a cargo de los exsenadores Eduardo Bhatia Gautier y Larry Seilhamer Rodr\u00edguez, coautores de la Ley de Pol\u00edtica P\u00fablica Energ\u00e9tica, conocida tambi\u00e9n como la Ley 17 de 2019.<\/p>\n<p>\u201cLa Ley 17 nos ofrece una hoja de ruta para contar con un sistema de energ\u00eda resiliente, limpio y distribuido que abre espacio para la participaci\u00f3n ciudadana, por lo cual surge la necesidad de una publicaci\u00f3n como el Glosario Energ\u00e9tico\u201d, dijo el ingeniero Seilhamer.<\/p>\n<p>Bhatia se\u00f1al\u00f3 por su parte que \u00abla Ley 17 ha impulsado el r\u00e1pido crecimiento del prosumidor. Con la oportunidad de generar y consumir su propia energ\u00eda dentro del sistema energ\u00e9tico de Puerto Rico, es necesario adquirir conocimientos y educarse para comprender los t\u00e9rminos que contribuyan a maximizar los beneficios de ser prosumidor\u00bb.<\/p>\n<p>Este Glosario Energ\u00e9tico es una publicaci\u00f3n de dos entidades sin fines de lucro, el Instituto de Competitividad y Sostenibilidad Econ\u00f3mica de Puerto Rico (ICSE), y Justicia Energ\u00e9tica para Puerto Rico (JEPR). El desarrollo del mismo, se inform\u00f3, fue apoyado por donativos de Banco Popular y otros donantes.<\/p>\n<p>Fue presentada durante una concurrida actividad celebrada en el Colaboratorio de Foundation for Puerto Rico, en Santurce, en la fecha exacta en la que se cumplieron cinco a\u00f1os de la aprobaci\u00f3n de la Ley 17, se apunt\u00f3.<\/p>\n<p>La variada audiencia incluy\u00f3 a organizaciones de base comunitaria, la industria de energ\u00eda, funcionarios p\u00fablicos, entre otros.<\/p>\n<p>ICSE y JEPR anunciaron all\u00ed el comienzo de una campa\u00f1a promocional sobre la utilidad de esta herramienta educativa, de cara a los sucesos importantes relacionados con el sector energ\u00e9tico para el a\u00f1o 2024, como es la revisi\u00f3n del Plan Integrado de Recursos que est\u00e1 pautada para el verano y el proceso actual de reestructuraci\u00f3n de la deuda de la AEE.<\/p><div class=\"notic-content-middle\" id=\"notic-1377968631\"><div class=\"notic-adlabel\">Advertisements<\/div><a data-no-instant=\"1\" href=\"https:\/\/qrco.de\/bgxd5v\" rel=\"noopener\" class=\"a2t-link\" target=\"_blank\" aria-label=\"DisplayAds-970&#215;2502\"><img loading=\"lazy\" decoding=\"async\" src=\"https:\/\/cdn.noticel.com\/2026\/09\/02200838\/DisplayAds-970x2502-1.jpg\" alt=\"\"  srcset=\"https:\/\/cdn.noticel.com\/2026\/09\/02200838\/DisplayAds-970x2502-1.jpg 970w, https:\/\/cdn.noticel.com\/2026\/09\/02200838\/DisplayAds-970x2502-1-300x77.jpg 300w, https:\/\/cdn.noticel.com\/2026\/09\/02200838\/DisplayAds-970x2502-1-768x198.jpg 768w, https:\/\/cdn.noticel.com\/2026\/09\/02200838\/DisplayAds-970x2502-1-18x5.jpg 18w\" sizes=\"(max-width: 970px) 100vw, 970px\" width=\"970\" height=\"250\"   \/><\/a><\/div>\n<p>\u00abEl Glosario Energ\u00e9tico es el primer paso para que el consumidor entienda los t\u00e9rminos y conceptos relacionados con el tema de energ\u00eda. Esto le permite no solo adquirir conocimientos, sino tambi\u00e9n lo capacita para ofrecer soluciones concretas y participar activamente en la toma de decisiones que forjar\u00e1n la transformaci\u00f3n energ\u00e9tica de Puerto Rico\u00bb, indic\u00f3 el licenciado Fernando Agrait, que es uno de los autores del Glosario.<\/p>\n<p>El coautor del mismo, Ram\u00f3n Luis Nieves, que es adem\u00e1s director ejecutivo de JEPR, destac\u00f3 que \u201cla transformaci\u00f3n del sistema energ\u00e9tico es uno de los temas m\u00e1s urgentes para el pueblo, el gobierno y el sector privado. El Glosario Energ\u00e9tico jugar\u00e1 un papel importante de educaci\u00f3n para todos los sectores, pues el tema de energ\u00eda puede resultar complejo. En JEPR nos sentimos muy orgullosos de haber colaborado con ICSE en la redacci\u00f3n de esta herramienta educativa\u201d.<\/p>\n<p>Historia relacionada: <a href=\"https:\/\/noticel.com\/en\/gobierno\/20240207\/gobernador-pierluisi-detalla-esfuerzos-en-la-transformacion-del-sistema-energetico\/\" id=\"link-7b7245d1935b3c00d962ebd1c2584aa2\">Gobernador Pierluisi detalla esfuerzos en la transformaci\u00f3n del sistema energ\u00e9tico<\/a><\/p>\n<p>Se record\u00f3 que La Ley 17 surgi\u00f3 de numerosos esfuerzos, entre ellos el Colaborativo p\u00fablico para la transformaci\u00f3n energ\u00e9tica de Puerto Rico del 2018, organizado por ICSE y el Rocky Mountain Institute (RMI), una iniciativa multisectorial que junt\u00f3 a 40 organizaciones profesionales y comunitarias.<\/p>\n<p>El Glosario estar\u00e1 disponible gratuitamente para ser descargado a trav\u00e9s de la p\u00e1gina web de JEPR y se continuar\u00e1 promocionando a trav\u00e9s de actividades dirigidas al p\u00fablico. Para obtener copia del Glosario Energ\u00e9tico, puede acceder a: justiciaenergeticapr.org, se inform\u00f3.<\/p>\n<p>Historia relacionada: <a href=\"https:\/\/noticel.com\/en\/economia\/top-stories\/20240318\/transicion-a-la-energia-renovable-requiere-decisiones-importantes-y-dificiles\/\" id=\"link-ff0038bd1bbdc0c07bcfb8935071d4e4\">Transici\u00f3n a la energ\u00eda renovable requiere decisiones importantes y dif\u00edciles<\/a><\/p>\n<p>Para ver el glosario, pulse aqu\u00ed.<\/p>","protected":false},"excerpt":{"rendered":"<p>Su publicaci\u00f3n coincidi\u00f3 con el aniversario de la Ley de Pol\u00edtica P\u00fablica Energ\u00e9tica. Est\u00e1 ya disponible para todo el p\u00fablico el \u201cGlosario Energ\u00e9tico\u201d, una herramienta educativa dise\u00f1ada para promover la participaci\u00f3n ciudadana en la transformaci\u00f3n del sistema energ\u00e9tico de Puerto Rico. La publicaci\u00f3n de este novel proyecto estuvo a cargo de los exsenadores Eduardo Bhatia [&hellip;]<\/p>","protected":false},"author":0,"featured_media":236644,"comment_status":"closed","ping_status":"closed","sticky":false,"template":"","format":"standard","meta":{"_acf_changed":false,"_monsterinsights_skip_tracking":false,"ep_exclude_from_search":false,"footnotes":""},"categories":[12,2],"tags":[],"class_list":["post-204235","post","type-post","status-publish","format-standard","has-post-thumbnail","hentry","category-la-calle","category-ultima-hora"],"acf":[],"aioseo_notices":[],"_links":{"self":[{"href":"https:\/\/noticel.com\/en\/wp-json\/wp\/v2\/posts\/204235","targetHints":{"allow":["GET"]}}],"collection":[{"href":"https:\/\/noticel.com\/en\/wp-json\/wp\/v2\/posts"}],"about":[{"href":"https:\/\/noticel.com\/en\/wp-json\/wp\/v2\/types\/post"}],"replies":[{"embeddable":true,"href":"https:\/\/noticel.com\/en\/wp-json\/wp\/v2\/comments?post=204235"}],"version-history":[{"count":1,"href":"https:\/\/noticel.com\/en\/wp-json\/wp\/v2\/posts\/204235\/revisions"}],"predecessor-version":[{"id":236646,"href":"https:\/\/noticel.com\/en\/wp-json\/wp\/v2\/posts\/204235\/revisions\/236646"}],"wp:featuredmedia":[{"embeddable":true,"href":"https:\/\/noticel.com\/en\/wp-json\/wp\/v2\/media\/236644"}],"wp:attachment":[{"href":"https:\/\/noticel.com\/en\/wp-json\/wp\/v2\/media?parent=204235"}],"wp:term":[{"taxonomy":"category","embeddable":true,"href":"https:\/\/noticel.com\/en\/wp-json\/wp\/v2\/categories?post=204235"},{"taxonomy":"post_tag","embeddable":true,"href":"https:\/\/noticel.com\/en\/wp-json\/wp\/v2\/tags?post=204235"}],"curies":[{"name":"wp","href":"https:\/\/api.w.org\/{rel}","templated":true}]}}