{"id":204199,"date":"2024-04-11T08:49:20","date_gmt":"2024-04-11T12:49:20","guid":{"rendered":"https:\/\/www.noticel.com\/el-tiempo\/20240411\/advertencia-de-inundaciones-para-varios-pueblos-del-area-metro\/"},"modified":"2025-07-11T18:58:41","modified_gmt":"2025-07-11T18:58:41","slug":"advertencia-de-inundaciones-para-varios-pueblos-del-area-metro","status":"publish","type":"post","link":"https:\/\/noticel.com\/en\/el-tiempo\/20240411\/advertencia-de-inundaciones-para-varios-pueblos-del-area-metro\/","title":{"rendered":"Advertencia de inundaciones para varios pueblos del \u00e1rea metro"},"content":{"rendered":"<h3>Se espera que cause inundaciones menores en \u00e1reas bajas y con drenaje deficiente.<\/h3>\n<p>Hay un advertencia de inundaciones hasta las 10:00 de esta ma\u00f1ana para Bayam\u00f3n, Carolina, Guaynabo, San Juan y Trujillo Alto.<\/p>\n<p>Se espera que cause inundaciones menores en \u00e1reas bajas y con drenaje deficiente.<\/p>\n<p>A las 7:58 de la ma\u00f1ana, el radar Doppler indic\u00f3 lluvias ligeras a moderadas. Se espera que las inundaciones menores comiencen pronto en el \u00e1rea de aviso.<\/p><div class=\"notic-content-middle\" id=\"notic-2856883546\"><div class=\"notic-adlabel\">Advertisements<\/div><a data-no-instant=\"1\" href=\"https:\/\/qrco.de\/bgxd5v\" rel=\"noopener\" class=\"a2t-link\" target=\"_blank\" aria-label=\"DisplayAd-728&#215;902\"><img loading=\"lazy\" decoding=\"async\" src=\"https:\/\/cdn.noticel.com\/2026\/09\/02195411\/DisplayAd-728x902-1.jpg\" alt=\"\"  srcset=\"https:\/\/cdn.noticel.com\/2026\/09\/02195411\/DisplayAd-728x902-1.jpg 728w, https:\/\/cdn.noticel.com\/2026\/09\/02195411\/DisplayAd-728x902-1-300x37.jpg 300w, https:\/\/cdn.noticel.com\/2026\/09\/02195411\/DisplayAd-728x902-1-18x2.jpg 18w\" sizes=\"(max-width: 728px) 100vw, 728px\" width=\"728\" height=\"90\"   \/><\/a><\/div>\n<p>Se anticipan cantidades adicionales de lluvia de hasta una pulgada sobre el \u00e1rea. Esta lluvia adicional resultar\u00e1 en inundaciones menores.<\/p>\n<p>https:\/\/twitter.com\/NWSSanJuan\/status\/1778393278129520721<\/p>","protected":false},"excerpt":{"rendered":"<p>Se espera que cause inundaciones menores en \u00e1reas bajas y con drenaje deficiente. Hay un advertencia de inundaciones hasta las 10:00 de esta ma\u00f1ana para Bayam\u00f3n, Carolina, Guaynabo, San Juan y Trujillo Alto. Se espera que cause inundaciones menores en \u00e1reas bajas y con drenaje deficiente. A las 7:58 de la ma\u00f1ana, el radar Doppler [&hellip;]<\/p>","protected":false},"author":0,"featured_media":236739,"comment_status":"closed","ping_status":"closed","sticky":false,"template":"","format":"standard","meta":{"_acf_changed":false,"_monsterinsights_skip_tracking":false,"ep_exclude_from_search":false,"footnotes":""},"categories":[18],"tags":[],"class_list":["post-204199","post","type-post","status-publish","format-standard","has-post-thumbnail","hentry","category-el-tiempo"],"acf":[],"aioseo_notices":[],"_links":{"self":[{"href":"https:\/\/noticel.com\/en\/wp-json\/wp\/v2\/posts\/204199","targetHints":{"allow":["GET"]}}],"collection":[{"href":"https:\/\/noticel.com\/en\/wp-json\/wp\/v2\/posts"}],"about":[{"href":"https:\/\/noticel.com\/en\/wp-json\/wp\/v2\/types\/post"}],"replies":[{"embeddable":true,"href":"https:\/\/noticel.com\/en\/wp-json\/wp\/v2\/comments?post=204199"}],"version-history":[{"count":1,"href":"https:\/\/noticel.com\/en\/wp-json\/wp\/v2\/posts\/204199\/revisions"}],"predecessor-version":[{"id":236740,"href":"https:\/\/noticel.com\/en\/wp-json\/wp\/v2\/posts\/204199\/revisions\/236740"}],"wp:featuredmedia":[{"embeddable":true,"href":"https:\/\/noticel.com\/en\/wp-json\/wp\/v2\/media\/236739"}],"wp:attachment":[{"href":"https:\/\/noticel.com\/en\/wp-json\/wp\/v2\/media?parent=204199"}],"wp:term":[{"taxonomy":"category","embeddable":true,"href":"https:\/\/noticel.com\/en\/wp-json\/wp\/v2\/categories?post=204199"},{"taxonomy":"post_tag","embeddable":true,"href":"https:\/\/noticel.com\/en\/wp-json\/wp\/v2\/tags?post=204199"}],"curies":[{"name":"wp","href":"https:\/\/api.w.org\/{rel}","templated":true}]}}