{"id":202982,"date":"2024-02-29T17:11:35","date_gmt":"2024-02-29T21:11:35","guid":{"rendered":"https:\/\/www.noticel.com\/ahora\/la-calle\/policiacas\/20240229\/activan-alerta-ashanti-por-desaparicion-de-hombre-en-villalba\/"},"modified":"2025-07-11T20:31:56","modified_gmt":"2025-07-11T20:31:56","slug":"activan-alerta-ashanti-por-desaparicion-de-hombre-en-villalba","status":"publish","type":"post","link":"https:\/\/noticel.com\/en\/ultima-hora\/20240229\/activan-alerta-ashanti-por-desaparicion-de-hombre-en-villalba\/","title":{"rendered":"Activan Alerta Ashanti por desaparici\u00f3n de hombre en Villalba"},"content":{"rendered":"<h3>\u00c1ngel J. Garc\u00eda Gonz\u00e1lez, de 30 a\u00f1os, fue visto por \u00faltima vez el pasado 26 de febrero cuando sali\u00f3 de residencia en el barrio Camarones Abajo de Villalba.<\/h3>\n<p>El Negociado de la Polic\u00eda de Puerto Rico activ\u00f3 en la tarde del jueves el Alerta Ashanti, tras la desaparici\u00f3n de Angel J. Garc\u00eda Gonz\u00e1lez quien fue visto por \u00faltima vez el pasado 26 de febrero, a las 6:00 de la tarde, cuando sali\u00f3 de su residencia en el barrio Camarones Abajo de Villalba.<\/p>\n<p>Garc\u00eda Gonz\u00e1lez, de 30 a\u00f1os y 5&#8217;1&#8243; de estatura, vest\u00eda camisa crema y pantal\u00f3n color azul.<\/p><div class=\"notic-content-middle\" id=\"notic-977656770\"><div class=\"notic-adlabel\">Advertisements<\/div><a data-no-instant=\"1\" href=\"https:\/\/www.asegurate-bien.com\/\" rel=\"noopener\" class=\"a2t-link\" target=\"_blank\" aria-label=\"Acodese-Adaptaciones-Noticel-300&#215;250\"><img loading=\"lazy\" decoding=\"async\" src=\"https:\/\/cdn.noticel.com\/2026\/05\/30094423\/Acodese-Adaptaciones-Noticel-300x250-1.jpg\" alt=\"\"  srcset=\"https:\/\/cdn.noticel.com\/2026\/05\/30094423\/Acodese-Adaptaciones-Noticel-300x250-1.jpg 300w, https:\/\/cdn.noticel.com\/2026\/05\/30094423\/Acodese-Adaptaciones-Noticel-300x250-1-14x12.jpg 14w\" sizes=\"(max-width: 300px) 100vw, 300px\" width=\"300\" height=\"250\"   \/><\/a><\/div>\n<p>Sali\u00f3 de su residencia en un veh\u00edculo Kia Forte del a\u00f1o 2000, color blanco y tablilla JNE-531, seg\u00fan se inform\u00f3.<\/p>","protected":false},"excerpt":{"rendered":"<p>\u00c1ngel J. Garc\u00eda Gonz\u00e1lez, de 30 a\u00f1os, fue visto por \u00faltima vez el pasado 26 de febrero cuando sali\u00f3 de residencia en el barrio Camarones Abajo de Villalba. El Negociado de la Polic\u00eda de Puerto Rico activ\u00f3 en la tarde del jueves el Alerta Ashanti, tras la desaparici\u00f3n de Angel J. Garc\u00eda Gonz\u00e1lez quien fue [&hellip;]<\/p>","protected":false},"author":0,"featured_media":239363,"comment_status":"closed","ping_status":"closed","sticky":false,"template":"","format":"standard","meta":{"_acf_changed":false,"_monsterinsights_skip_tracking":false,"ep_exclude_from_search":false,"footnotes":""},"categories":[12,15,2],"tags":[],"class_list":["post-202982","post","type-post","status-publish","format-standard","has-post-thumbnail","hentry","category-la-calle","category-policiacas","category-ultima-hora"],"acf":[],"aioseo_notices":[],"_links":{"self":[{"href":"https:\/\/noticel.com\/en\/wp-json\/wp\/v2\/posts\/202982","targetHints":{"allow":["GET"]}}],"collection":[{"href":"https:\/\/noticel.com\/en\/wp-json\/wp\/v2\/posts"}],"about":[{"href":"https:\/\/noticel.com\/en\/wp-json\/wp\/v2\/types\/post"}],"replies":[{"embeddable":true,"href":"https:\/\/noticel.com\/en\/wp-json\/wp\/v2\/comments?post=202982"}],"version-history":[{"count":1,"href":"https:\/\/noticel.com\/en\/wp-json\/wp\/v2\/posts\/202982\/revisions"}],"predecessor-version":[{"id":239364,"href":"https:\/\/noticel.com\/en\/wp-json\/wp\/v2\/posts\/202982\/revisions\/239364"}],"wp:featuredmedia":[{"embeddable":true,"href":"https:\/\/noticel.com\/en\/wp-json\/wp\/v2\/media\/239363"}],"wp:attachment":[{"href":"https:\/\/noticel.com\/en\/wp-json\/wp\/v2\/media?parent=202982"}],"wp:term":[{"taxonomy":"category","embeddable":true,"href":"https:\/\/noticel.com\/en\/wp-json\/wp\/v2\/categories?post=202982"},{"taxonomy":"post_tag","embeddable":true,"href":"https:\/\/noticel.com\/en\/wp-json\/wp\/v2\/tags?post=202982"}],"curies":[{"name":"wp","href":"https:\/\/api.w.org\/{rel}","templated":true}]}}